{"id":146,"date":"2023-03-07T12:42:05","date_gmt":"2023-03-07T17:42:05","guid":{"rendered":"https:\/\/www.dge.gob.pe\/portalnuevo\/?p=146"},"modified":"2023-04-25T14:40:39","modified_gmt":"2023-04-25T19:40:39","slug":"cdc-peru-con-el-apoyo-de-msh-peru-llevaron-a-cabo-primer-programa-de-liderazgo-y-gestion-por-resultados-en-pandemias","status":"publish","type":"post","link":"https:\/\/www.dge.gob.pe\/portalnuevo\/informacion-publica\/prensa\/cdc-peru-con-el-apoyo-de-msh-peru-llevaron-a-cabo-primer-programa-de-liderazgo-y-gestion-por-resultados-en-pandemias\/","title":{"rendered":"CDC Per\u00fa con el apoyo de MSH Per\u00fa llevaron a cabo primer programa de Liderazgo y Gesti\u00f3n por Resultados en Pandemias"},"content":{"rendered":"\n<h5 class=\"wp-block-heading\">El d\u00eda hoy se realiz\u00f3 la clausura del programa de liderazgo y gesti\u00f3n con la participaron de 100 profesionales de la salud representando a 10 regiones del pa\u00eds.<\/h5>\n\n\n\n<p class=\"has-text-align-right\">Lima, 07 de marzo del 2023.<\/p>\n\n\n\n<p>El Centro Nacional de Epidemiolog\u00eda, Prevenci\u00f3n y Control de Enfermedades (CDC Per\u00fa) del Ministerio de Salud (MINSA) junto al Management Sciences for Health (MSH), realizaron programa de Liderazgo y Gesti\u00f3n por Resultados en Pandemias, con la intenci\u00f3n de brindar aprendizaje experiencial en equipo a profesionales sobre el manejo de emergencias de salud p\u00fablica, basado en enfoques probados que han sido utilizados por miles de equipos del sector en m\u00e1s de 80 pa\u00edses.<\/p>\n\n\n\n<p>El CDC Per\u00fa inform\u00f3 que el objetivo general del programa fue acelerar los esfuerzos de respuesta y recuperaci\u00f3n del Per\u00fa ante la COVID-19, y ante la presencia de otras posibles emergencias de salud p\u00fablica que se puedan presentar.<\/p>\n\n\n\n<p>En este contexto, el CDC Per\u00fa detall\u00f3 que el programa dur\u00f3 15 semanas, y en donde se desarrollaron temas relacionadas a funciones de liderazgo y gerencia; identificaci\u00f3n de los retos del equipo, visi\u00f3n del \u00e9xito, an\u00e1lisis de la situaci\u00f3n actual y definici\u00f3n de resultados medibles; an\u00e1lisis del resto m\u00e1s importante y desarrollo de un proyecto de mejora; alineamiento de actores y movilizaci\u00f3n de recursos; entre otros.<\/p>\n\n\n\n<p>Finalmente, este programa logro formar 93 lideres a nivel nacional de 10 regiones, lo cual contribuir\u00e1 a mejorar la preparaci\u00f3n y respuesta frente a brotes, epidemias, y la siguiente pandemia. El fortalecer al recurso humano regional mejorara la articulaci\u00f3n de la respuesta nacional y regional.<\/p>\n","protected":false},"excerpt":{"rendered":"<p>El d\u00eda hoy se realiz\u00f3 la clausura del programa de liderazgo y gesti\u00f3n con la participaron de 100 profesionales de la salud representando a 10 regiones del pa\u00eds. Lima, 07 de marzo del 2023. El Centro Nacional de Epidemiolog\u00eda, Prevenci\u00f3n y Control de Enfermedades (CDC Per\u00fa) del Ministerio de Salud (MINSA) junto al Management Sciences [&hellip;]<\/p>\n","protected":false},"author":1,"featured_media":147,"comment_status":"open","ping_status":"open","sticky":false,"template":"","format":"standard","meta":{"site-sidebar-layout":"default","site-content-layout":"","ast-site-content-layout":"default","site-content-style":"default","site-sidebar-style":"default","ast-global-header-display":"","ast-banner-title-visibility":"","ast-main-header-display":"","ast-hfb-above-header-display":"","ast-hfb-below-header-display":"","ast-hfb-mobile-header-display":"","site-post-title":"","ast-breadcrumbs-content":"","ast-featured-img":"","footer-sml-layout":"","ast-disable-related-posts":"","theme-transparent-header-meta":"","adv-header-id-meta":"","stick-header-meta":"","header-above-stick-meta":"","header-main-stick-meta":"","header-below-stick-meta":"","astra-migrate-meta-layouts":"default","ast-page-background-enabled":"default","ast-page-background-meta":{"desktop":{"background-color":"var(--ast-global-color-4)","background-image":"","background-repeat":"repeat","background-position":"center center","background-size":"auto","background-attachment":"scroll","background-type":"","background-media":"","overlay-type":"","overlay-color":"","overlay-opacity":"","overlay-gradient":""},"tablet":{"background-color":"","background-image":"","background-repeat":"repeat","background-position":"center center","background-size":"auto","background-attachment":"scroll","background-type":"","background-media":"","overlay-type":"","overlay-color":"","overlay-opacity":"","overlay-gradient":""},"mobile":{"background-color":"","background-image":"","background-repeat":"repeat","background-position":"center center","background-size":"auto","background-attachment":"scroll","background-type":"","background-media":"","overlay-type":"","overlay-color":"","overlay-opacity":"","overlay-gradient":""}},"ast-content-background-meta":{"desktop":{"background-color":"var(--ast-global-color-5)","background-image":"","background-repeat":"repeat","background-position":"center center","background-size":"auto","background-attachment":"scroll","background-type":"","background-media":"","overlay-type":"","overlay-color":"","overlay-opacity":"","overlay-gradient":""},"tablet":{"background-color":"var(--ast-global-color-5)","background-image":"","background-repeat":"repeat","background-position":"center center","background-size":"auto","background-attachment":"scroll","background-type":"","background-media":"","overlay-type":"","overlay-color":"","overlay-opacity":"","overlay-gradient":""},"mobile":{"background-color":"var(--ast-global-color-5)","background-image":"","background-repeat":"repeat","background-position":"center center","background-size":"auto","background-attachment":"scroll","background-type":"","background-media":"","overlay-type":"","overlay-color":"","overlay-opacity":"","overlay-gradient":""}},"footnotes":""},"categories":[26,6],"tags":[],"class_list":["post-146","post","type-post","status-publish","format-standard","has-post-thumbnail","hentry","category-destacado","category-prensa"],"yoast_head":"<!-- This site is optimized with the Yoast SEO Premium plugin v26.6 (Yoast SEO v26.7) - https:\/\/yoast.com\/wordpress\/plugins\/seo\/ -->\n<title>CDC Per\u00fa con el apoyo de MSH Per\u00fa llevaron a cabo primer programa de Liderazgo y Gesti\u00f3n por Resultados en Pandemias - Centro Nacional de Epidemiolog\u00eda Prevenci\u00f3n y Control de Enfermedades<\/title>\n<meta name=\"robots\" content=\"index, follow, max-snippet:-1, max-image-preview:large, max-video-preview:-1\" \/>\n<link rel=\"canonical\" href=\"https:\/\/www.dge.gob.pe\/portalnuevo\/informacion-publica\/prensa\/cdc-peru-con-el-apoyo-de-msh-peru-llevaron-a-cabo-primer-programa-de-liderazgo-y-gestion-por-resultados-en-pandemias\/\" \/>\n<meta property=\"og:locale\" content=\"es_ES\" \/>\n<meta property=\"og:type\" content=\"article\" \/>\n<meta property=\"og:title\" content=\"CDC Per\u00fa con el apoyo de MSH Per\u00fa llevaron a cabo primer programa de Liderazgo y Gesti\u00f3n por Resultados en Pandemias\" \/>\n<meta property=\"og:description\" content=\"El d\u00eda hoy se realiz\u00f3 la clausura del programa de liderazgo y gesti\u00f3n con la participaron de 100 profesionales de la salud representando a 10 regiones del pa\u00eds. Lima, 07 de marzo del 2023. El Centro Nacional de Epidemiolog\u00eda, Prevenci\u00f3n y Control de Enfermedades (CDC Per\u00fa) del Ministerio de Salud (MINSA) junto al Management Sciences [&hellip;]\" \/>\n<meta property=\"og:url\" content=\"https:\/\/www.dge.gob.pe\/portalnuevo\/informacion-publica\/prensa\/cdc-peru-con-el-apoyo-de-msh-peru-llevaron-a-cabo-primer-programa-de-liderazgo-y-gestion-por-resultados-en-pandemias\/\" \/>\n<meta property=\"og:site_name\" content=\"Centro Nacional de Epidemiolog\u00eda Prevenci\u00f3n y Control de Enfermedades\" \/>\n<meta property=\"article:publisher\" content=\"https:\/\/www.facebook.com\/cdcperuminsa\" \/>\n<meta property=\"article:published_time\" content=\"2023-03-07T17:42:05+00:00\" \/>\n<meta property=\"article:modified_time\" content=\"2023-04-25T19:40:39+00:00\" \/>\n<meta property=\"og:image\" content=\"https:\/\/www.dge.gob.pe\/portalnuevo\/wp-content\/uploads\/2023\/03\/CAPTURA-ZOOM-07032023.png\" \/>\n\t<meta property=\"og:image:width\" content=\"1631\" \/>\n\t<meta property=\"og:image:height\" content=\"968\" \/>\n\t<meta property=\"og:image:type\" content=\"image\/png\" \/>\n<meta name=\"author\" content=\"alejandrob1519\" \/>\n<meta name=\"twitter:card\" content=\"summary_large_image\" \/>\n<meta name=\"twitter:creator\" content=\"@cdc_peru\" \/>\n<meta name=\"twitter:site\" content=\"@cdc_peru\" \/>\n<meta name=\"twitter:label1\" content=\"Written by\" \/>\n\t<meta name=\"twitter:data1\" content=\"alejandrob1519\" \/>\n\t<meta name=\"twitter:label2\" content=\"Est. reading time\" \/>\n\t<meta name=\"twitter:data2\" content=\"1 minuto\" \/>\n<script type=\"application\/ld+json\" class=\"yoast-schema-graph\">{\"@context\":\"https:\/\/schema.org\",\"@graph\":[{\"@type\":\"Article\",\"@id\":\"https:\/\/www.dge.gob.pe\/portalnuevo\/informacion-publica\/prensa\/cdc-peru-con-el-apoyo-de-msh-peru-llevaron-a-cabo-primer-programa-de-liderazgo-y-gestion-por-resultados-en-pandemias\/#article\",\"isPartOf\":{\"@id\":\"https:\/\/www.dge.gob.pe\/portalnuevo\/informacion-publica\/prensa\/cdc-peru-con-el-apoyo-de-msh-peru-llevaron-a-cabo-primer-programa-de-liderazgo-y-gestion-por-resultados-en-pandemias\/\"},\"author\":{\"name\":\"alejandrob1519\",\"@id\":\"https:\/\/www.dge.gob.pe\/portalnuevo\/#\/schema\/person\/8a4e8f802cc9569ef89b36d18cf4f900\"},\"headline\":\"CDC Per\u00fa con el apoyo de MSH Per\u00fa llevaron a cabo primer programa de Liderazgo y Gesti\u00f3n por Resultados en Pandemias\",\"datePublished\":\"2023-03-07T17:42:05+00:00\",\"dateModified\":\"2023-04-25T19:40:39+00:00\",\"mainEntityOfPage\":{\"@id\":\"https:\/\/www.dge.gob.pe\/portalnuevo\/informacion-publica\/prensa\/cdc-peru-con-el-apoyo-de-msh-peru-llevaron-a-cabo-primer-programa-de-liderazgo-y-gestion-por-resultados-en-pandemias\/\"},\"wordCount\":291,\"commentCount\":0,\"publisher\":{\"@id\":\"https:\/\/www.dge.gob.pe\/portalnuevo\/#organization\"},\"image\":{\"@id\":\"https:\/\/www.dge.gob.pe\/portalnuevo\/informacion-publica\/prensa\/cdc-peru-con-el-apoyo-de-msh-peru-llevaron-a-cabo-primer-programa-de-liderazgo-y-gestion-por-resultados-en-pandemias\/#primaryimage\"},\"thumbnailUrl\":\"https:\/\/www.dge.gob.pe\/portalnuevo\/wp-content\/uploads\/2023\/03\/CAPTURA-ZOOM-07032023.png\",\"articleSection\":[\"Destacado\",\"Prensa\"],\"inLanguage\":\"es-PE\",\"potentialAction\":[{\"@type\":\"CommentAction\",\"name\":\"Comment\",\"target\":[\"https:\/\/www.dge.gob.pe\/portalnuevo\/informacion-publica\/prensa\/cdc-peru-con-el-apoyo-de-msh-peru-llevaron-a-cabo-primer-programa-de-liderazgo-y-gestion-por-resultados-en-pandemias\/#respond\"]}]},{\"@type\":\"WebPage\",\"@id\":\"https:\/\/www.dge.gob.pe\/portalnuevo\/informacion-publica\/prensa\/cdc-peru-con-el-apoyo-de-msh-peru-llevaron-a-cabo-primer-programa-de-liderazgo-y-gestion-por-resultados-en-pandemias\/\",\"url\":\"https:\/\/www.dge.gob.pe\/portalnuevo\/informacion-publica\/prensa\/cdc-peru-con-el-apoyo-de-msh-peru-llevaron-a-cabo-primer-programa-de-liderazgo-y-gestion-por-resultados-en-pandemias\/\",\"name\":\"CDC Per\u00fa con el apoyo de MSH Per\u00fa llevaron a cabo primer programa de Liderazgo y Gesti\u00f3n por Resultados en Pandemias - Centro Nacional de Epidemiolog\u00eda Prevenci\u00f3n y Control de Enfermedades\",\"isPartOf\":{\"@id\":\"https:\/\/www.dge.gob.pe\/portalnuevo\/#website\"},\"primaryImageOfPage\":{\"@id\":\"https:\/\/www.dge.gob.pe\/portalnuevo\/informacion-publica\/prensa\/cdc-peru-con-el-apoyo-de-msh-peru-llevaron-a-cabo-primer-programa-de-liderazgo-y-gestion-por-resultados-en-pandemias\/#primaryimage\"},\"image\":{\"@id\":\"https:\/\/www.dge.gob.pe\/portalnuevo\/informacion-publica\/prensa\/cdc-peru-con-el-apoyo-de-msh-peru-llevaron-a-cabo-primer-programa-de-liderazgo-y-gestion-por-resultados-en-pandemias\/#primaryimage\"},\"thumbnailUrl\":\"https:\/\/www.dge.gob.pe\/portalnuevo\/wp-content\/uploads\/2023\/03\/CAPTURA-ZOOM-07032023.png\",\"datePublished\":\"2023-03-07T17:42:05+00:00\",\"dateModified\":\"2023-04-25T19:40:39+00:00\",\"breadcrumb\":{\"@id\":\"https:\/\/www.dge.gob.pe\/portalnuevo\/informacion-publica\/prensa\/cdc-peru-con-el-apoyo-de-msh-peru-llevaron-a-cabo-primer-programa-de-liderazgo-y-gestion-por-resultados-en-pandemias\/#breadcrumb\"},\"inLanguage\":\"es-PE\",\"potentialAction\":[{\"@type\":\"ReadAction\",\"target\":[\"https:\/\/www.dge.gob.pe\/portalnuevo\/informacion-publica\/prensa\/cdc-peru-con-el-apoyo-de-msh-peru-llevaron-a-cabo-primer-programa-de-liderazgo-y-gestion-por-resultados-en-pandemias\/\"]}]},{\"@type\":\"ImageObject\",\"inLanguage\":\"es-PE\",\"@id\":\"https:\/\/www.dge.gob.pe\/portalnuevo\/informacion-publica\/prensa\/cdc-peru-con-el-apoyo-de-msh-peru-llevaron-a-cabo-primer-programa-de-liderazgo-y-gestion-por-resultados-en-pandemias\/#primaryimage\",\"url\":\"https:\/\/www.dge.gob.pe\/portalnuevo\/wp-content\/uploads\/2023\/03\/CAPTURA-ZOOM-07032023.png\",\"contentUrl\":\"https:\/\/www.dge.gob.pe\/portalnuevo\/wp-content\/uploads\/2023\/03\/CAPTURA-ZOOM-07032023.png\",\"width\":1631,\"height\":968},{\"@type\":\"BreadcrumbList\",\"@id\":\"https:\/\/www.dge.gob.pe\/portalnuevo\/informacion-publica\/prensa\/cdc-peru-con-el-apoyo-de-msh-peru-llevaron-a-cabo-primer-programa-de-liderazgo-y-gestion-por-resultados-en-pandemias\/#breadcrumb\",\"itemListElement\":[{\"@type\":\"ListItem\",\"position\":1,\"name\":\"Portada\",\"item\":\"https:\/\/www.dge.gob.pe\/portalnuevo\/\"},{\"@type\":\"ListItem\",\"position\":2,\"name\":\"CDC Per\u00fa con el apoyo de MSH Per\u00fa llevaron a cabo primer programa de Liderazgo y Gesti\u00f3n por Resultados en Pandemias\"}]},{\"@type\":\"WebSite\",\"@id\":\"https:\/\/www.dge.gob.pe\/portalnuevo\/#website\",\"url\":\"https:\/\/www.dge.gob.pe\/portalnuevo\/\",\"name\":\"Centro Nacional de Epidemiolog\u00eda Prevenci\u00f3n y Control de Enfermedades\",\"description\":\"\",\"publisher\":{\"@id\":\"https:\/\/www.dge.gob.pe\/portalnuevo\/#organization\"},\"potentialAction\":[{\"@type\":\"SearchAction\",\"target\":{\"@type\":\"EntryPoint\",\"urlTemplate\":\"https:\/\/www.dge.gob.pe\/portalnuevo\/?s={search_term_string}\"},\"query-input\":{\"@type\":\"PropertyValueSpecification\",\"valueRequired\":true,\"valueName\":\"search_term_string\"}}],\"inLanguage\":\"es-PE\"},{\"@type\":\"Organization\",\"@id\":\"https:\/\/www.dge.gob.pe\/portalnuevo\/#organization\",\"name\":\"Centro Nacional de Epidemiolog\u00eda Prevenci\u00f3n y Control de Enfermedades\",\"url\":\"https:\/\/www.dge.gob.pe\/portalnuevo\/\",\"logo\":{\"@type\":\"ImageObject\",\"inLanguage\":\"es-PE\",\"@id\":\"https:\/\/www.dge.gob.pe\/portalnuevo\/#\/schema\/logo\/image\/\",\"url\":\"https:\/\/www.dge.gob.pe\/portalnuevo\/wp-content\/uploads\/2023\/03\/logo_cdc.jpeg\",\"contentUrl\":\"https:\/\/www.dge.gob.pe\/portalnuevo\/wp-content\/uploads\/2023\/03\/logo_cdc.jpeg\",\"width\":1280,\"height\":127,\"caption\":\"Centro Nacional de Epidemiolog\u00eda Prevenci\u00f3n y Control de Enfermedades\"},\"image\":{\"@id\":\"https:\/\/www.dge.gob.pe\/portalnuevo\/#\/schema\/logo\/image\/\"},\"sameAs\":[\"https:\/\/www.facebook.com\/cdcperuminsa\",\"https:\/\/x.com\/cdc_peru\",\"https:\/\/www.youtube.com\/cdcperu\"]},{\"@type\":\"Person\",\"@id\":\"https:\/\/www.dge.gob.pe\/portalnuevo\/#\/schema\/person\/8a4e8f802cc9569ef89b36d18cf4f900\",\"name\":\"alejandrob1519\",\"image\":{\"@type\":\"ImageObject\",\"inLanguage\":\"es-PE\",\"@id\":\"https:\/\/www.dge.gob.pe\/portalnuevo\/#\/schema\/person\/image\/\",\"url\":\"https:\/\/secure.gravatar.com\/avatar\/03882533e3343f3f5be5289e060e3afaa741050f04c19cade9cd28e06851f0c9?s=96&d=mm&r=g\",\"contentUrl\":\"https:\/\/secure.gravatar.com\/avatar\/03882533e3343f3f5be5289e060e3afaa741050f04c19cade9cd28e06851f0c9?s=96&d=mm&r=g\",\"caption\":\"alejandrob1519\"},\"sameAs\":[\"https:\/\/www.dge.gob.pe\/portalnuevo\"],\"url\":\"https:\/\/www.dge.gob.pe\/portalnuevo\/author\/alejandrob1519\/\"}]}<\/script>\n<!-- \/ Yoast SEO Premium plugin. -->","yoast_head_json":{"title":"CDC Per\u00fa con el apoyo de MSH Per\u00fa llevaron a cabo primer programa de Liderazgo y Gesti\u00f3n por Resultados en Pandemias - Centro Nacional de Epidemiolog\u00eda Prevenci\u00f3n y Control de Enfermedades","robots":{"index":"index","follow":"follow","max-snippet":"max-snippet:-1","max-image-preview":"max-image-preview:large","max-video-preview":"max-video-preview:-1"},"canonical":"https:\/\/www.dge.gob.pe\/portalnuevo\/informacion-publica\/prensa\/cdc-peru-con-el-apoyo-de-msh-peru-llevaron-a-cabo-primer-programa-de-liderazgo-y-gestion-por-resultados-en-pandemias\/","og_locale":"es_ES","og_type":"article","og_title":"CDC Per\u00fa con el apoyo de MSH Per\u00fa llevaron a cabo primer programa de Liderazgo y Gesti\u00f3n por Resultados en Pandemias","og_description":"El d\u00eda hoy se realiz\u00f3 la clausura del programa de liderazgo y gesti\u00f3n con la participaron de 100 profesionales de la salud representando a 10 regiones del pa\u00eds. Lima, 07 de marzo del 2023. El Centro Nacional de Epidemiolog\u00eda, Prevenci\u00f3n y Control de Enfermedades (CDC Per\u00fa) del Ministerio de Salud (MINSA) junto al Management Sciences [&hellip;]","og_url":"https:\/\/www.dge.gob.pe\/portalnuevo\/informacion-publica\/prensa\/cdc-peru-con-el-apoyo-de-msh-peru-llevaron-a-cabo-primer-programa-de-liderazgo-y-gestion-por-resultados-en-pandemias\/","og_site_name":"Centro Nacional de Epidemiolog\u00eda Prevenci\u00f3n y Control de Enfermedades","article_publisher":"https:\/\/www.facebook.com\/cdcperuminsa","article_published_time":"2023-03-07T17:42:05+00:00","article_modified_time":"2023-04-25T19:40:39+00:00","og_image":[{"width":1631,"height":968,"url":"https:\/\/www.dge.gob.pe\/portalnuevo\/wp-content\/uploads\/2023\/03\/CAPTURA-ZOOM-07032023.png","type":"image\/png"}],"author":"alejandrob1519","twitter_card":"summary_large_image","twitter_creator":"@cdc_peru","twitter_site":"@cdc_peru","twitter_misc":{"Written by":"alejandrob1519","Est. reading time":"1 minuto"},"schema":{"@context":"https:\/\/schema.org","@graph":[{"@type":"Article","@id":"https:\/\/www.dge.gob.pe\/portalnuevo\/informacion-publica\/prensa\/cdc-peru-con-el-apoyo-de-msh-peru-llevaron-a-cabo-primer-programa-de-liderazgo-y-gestion-por-resultados-en-pandemias\/#article","isPartOf":{"@id":"https:\/\/www.dge.gob.pe\/portalnuevo\/informacion-publica\/prensa\/cdc-peru-con-el-apoyo-de-msh-peru-llevaron-a-cabo-primer-programa-de-liderazgo-y-gestion-por-resultados-en-pandemias\/"},"author":{"name":"alejandrob1519","@id":"https:\/\/www.dge.gob.pe\/portalnuevo\/#\/schema\/person\/8a4e8f802cc9569ef89b36d18cf4f900"},"headline":"CDC Per\u00fa con el apoyo de MSH Per\u00fa llevaron a cabo primer programa de Liderazgo y Gesti\u00f3n por Resultados en Pandemias","datePublished":"2023-03-07T17:42:05+00:00","dateModified":"2023-04-25T19:40:39+00:00","mainEntityOfPage":{"@id":"https:\/\/www.dge.gob.pe\/portalnuevo\/informacion-publica\/prensa\/cdc-peru-con-el-apoyo-de-msh-peru-llevaron-a-cabo-primer-programa-de-liderazgo-y-gestion-por-resultados-en-pandemias\/"},"wordCount":291,"commentCount":0,"publisher":{"@id":"https:\/\/www.dge.gob.pe\/portalnuevo\/#organization"},"image":{"@id":"https:\/\/www.dge.gob.pe\/portalnuevo\/informacion-publica\/prensa\/cdc-peru-con-el-apoyo-de-msh-peru-llevaron-a-cabo-primer-programa-de-liderazgo-y-gestion-por-resultados-en-pandemias\/#primaryimage"},"thumbnailUrl":"https:\/\/www.dge.gob.pe\/portalnuevo\/wp-content\/uploads\/2023\/03\/CAPTURA-ZOOM-07032023.png","articleSection":["Destacado","Prensa"],"inLanguage":"es-PE","potentialAction":[{"@type":"CommentAction","name":"Comment","target":["https:\/\/www.dge.gob.pe\/portalnuevo\/informacion-publica\/prensa\/cdc-peru-con-el-apoyo-de-msh-peru-llevaron-a-cabo-primer-programa-de-liderazgo-y-gestion-por-resultados-en-pandemias\/#respond"]}]},{"@type":"WebPage","@id":"https:\/\/www.dge.gob.pe\/portalnuevo\/informacion-publica\/prensa\/cdc-peru-con-el-apoyo-de-msh-peru-llevaron-a-cabo-primer-programa-de-liderazgo-y-gestion-por-resultados-en-pandemias\/","url":"https:\/\/www.dge.gob.pe\/portalnuevo\/informacion-publica\/prensa\/cdc-peru-con-el-apoyo-de-msh-peru-llevaron-a-cabo-primer-programa-de-liderazgo-y-gestion-por-resultados-en-pandemias\/","name":"CDC Per\u00fa con el apoyo de MSH Per\u00fa llevaron a cabo primer programa de Liderazgo y Gesti\u00f3n por Resultados en Pandemias - Centro Nacional de Epidemiolog\u00eda Prevenci\u00f3n y Control de Enfermedades","isPartOf":{"@id":"https:\/\/www.dge.gob.pe\/portalnuevo\/#website"},"primaryImageOfPage":{"@id":"https:\/\/www.dge.gob.pe\/portalnuevo\/informacion-publica\/prensa\/cdc-peru-con-el-apoyo-de-msh-peru-llevaron-a-cabo-primer-programa-de-liderazgo-y-gestion-por-resultados-en-pandemias\/#primaryimage"},"image":{"@id":"https:\/\/www.dge.gob.pe\/portalnuevo\/informacion-publica\/prensa\/cdc-peru-con-el-apoyo-de-msh-peru-llevaron-a-cabo-primer-programa-de-liderazgo-y-gestion-por-resultados-en-pandemias\/#primaryimage"},"thumbnailUrl":"https:\/\/www.dge.gob.pe\/portalnuevo\/wp-content\/uploads\/2023\/03\/CAPTURA-ZOOM-07032023.png","datePublished":"2023-03-07T17:42:05+00:00","dateModified":"2023-04-25T19:40:39+00:00","breadcrumb":{"@id":"https:\/\/www.dge.gob.pe\/portalnuevo\/informacion-publica\/prensa\/cdc-peru-con-el-apoyo-de-msh-peru-llevaron-a-cabo-primer-programa-de-liderazgo-y-gestion-por-resultados-en-pandemias\/#breadcrumb"},"inLanguage":"es-PE","potentialAction":[{"@type":"ReadAction","target":["https:\/\/www.dge.gob.pe\/portalnuevo\/informacion-publica\/prensa\/cdc-peru-con-el-apoyo-de-msh-peru-llevaron-a-cabo-primer-programa-de-liderazgo-y-gestion-por-resultados-en-pandemias\/"]}]},{"@type":"ImageObject","inLanguage":"es-PE","@id":"https:\/\/www.dge.gob.pe\/portalnuevo\/informacion-publica\/prensa\/cdc-peru-con-el-apoyo-de-msh-peru-llevaron-a-cabo-primer-programa-de-liderazgo-y-gestion-por-resultados-en-pandemias\/#primaryimage","url":"https:\/\/www.dge.gob.pe\/portalnuevo\/wp-content\/uploads\/2023\/03\/CAPTURA-ZOOM-07032023.png","contentUrl":"https:\/\/www.dge.gob.pe\/portalnuevo\/wp-content\/uploads\/2023\/03\/CAPTURA-ZOOM-07032023.png","width":1631,"height":968},{"@type":"BreadcrumbList","@id":"https:\/\/www.dge.gob.pe\/portalnuevo\/informacion-publica\/prensa\/cdc-peru-con-el-apoyo-de-msh-peru-llevaron-a-cabo-primer-programa-de-liderazgo-y-gestion-por-resultados-en-pandemias\/#breadcrumb","itemListElement":[{"@type":"ListItem","position":1,"name":"Portada","item":"https:\/\/www.dge.gob.pe\/portalnuevo\/"},{"@type":"ListItem","position":2,"name":"CDC Per\u00fa con el apoyo de MSH Per\u00fa llevaron a cabo primer programa de Liderazgo y Gesti\u00f3n por Resultados en Pandemias"}]},{"@type":"WebSite","@id":"https:\/\/www.dge.gob.pe\/portalnuevo\/#website","url":"https:\/\/www.dge.gob.pe\/portalnuevo\/","name":"Centro Nacional de Epidemiolog\u00eda Prevenci\u00f3n y Control de Enfermedades","description":"","publisher":{"@id":"https:\/\/www.dge.gob.pe\/portalnuevo\/#organization"},"potentialAction":[{"@type":"SearchAction","target":{"@type":"EntryPoint","urlTemplate":"https:\/\/www.dge.gob.pe\/portalnuevo\/?s={search_term_string}"},"query-input":{"@type":"PropertyValueSpecification","valueRequired":true,"valueName":"search_term_string"}}],"inLanguage":"es-PE"},{"@type":"Organization","@id":"https:\/\/www.dge.gob.pe\/portalnuevo\/#organization","name":"Centro Nacional de Epidemiolog\u00eda Prevenci\u00f3n y Control de Enfermedades","url":"https:\/\/www.dge.gob.pe\/portalnuevo\/","logo":{"@type":"ImageObject","inLanguage":"es-PE","@id":"https:\/\/www.dge.gob.pe\/portalnuevo\/#\/schema\/logo\/image\/","url":"https:\/\/www.dge.gob.pe\/portalnuevo\/wp-content\/uploads\/2023\/03\/logo_cdc.jpeg","contentUrl":"https:\/\/www.dge.gob.pe\/portalnuevo\/wp-content\/uploads\/2023\/03\/logo_cdc.jpeg","width":1280,"height":127,"caption":"Centro Nacional de Epidemiolog\u00eda Prevenci\u00f3n y Control de Enfermedades"},"image":{"@id":"https:\/\/www.dge.gob.pe\/portalnuevo\/#\/schema\/logo\/image\/"},"sameAs":["https:\/\/www.facebook.com\/cdcperuminsa","https:\/\/x.com\/cdc_peru","https:\/\/www.youtube.com\/cdcperu"]},{"@type":"Person","@id":"https:\/\/www.dge.gob.pe\/portalnuevo\/#\/schema\/person\/8a4e8f802cc9569ef89b36d18cf4f900","name":"alejandrob1519","image":{"@type":"ImageObject","inLanguage":"es-PE","@id":"https:\/\/www.dge.gob.pe\/portalnuevo\/#\/schema\/person\/image\/","url":"https:\/\/secure.gravatar.com\/avatar\/03882533e3343f3f5be5289e060e3afaa741050f04c19cade9cd28e06851f0c9?s=96&d=mm&r=g","contentUrl":"https:\/\/secure.gravatar.com\/avatar\/03882533e3343f3f5be5289e060e3afaa741050f04c19cade9cd28e06851f0c9?s=96&d=mm&r=g","caption":"alejandrob1519"},"sameAs":["https:\/\/www.dge.gob.pe\/portalnuevo"],"url":"https:\/\/www.dge.gob.pe\/portalnuevo\/author\/alejandrob1519\/"}]}},"_links":{"self":[{"href":"https:\/\/www.dge.gob.pe\/portalnuevo\/wp-json\/wp\/v2\/posts\/146","targetHints":{"allow":["GET"]}}],"collection":[{"href":"https:\/\/www.dge.gob.pe\/portalnuevo\/wp-json\/wp\/v2\/posts"}],"about":[{"href":"https:\/\/www.dge.gob.pe\/portalnuevo\/wp-json\/wp\/v2\/types\/post"}],"author":[{"embeddable":true,"href":"https:\/\/www.dge.gob.pe\/portalnuevo\/wp-json\/wp\/v2\/users\/1"}],"replies":[{"embeddable":true,"href":"https:\/\/www.dge.gob.pe\/portalnuevo\/wp-json\/wp\/v2\/comments?post=146"}],"version-history":[{"count":1,"href":"https:\/\/www.dge.gob.pe\/portalnuevo\/wp-json\/wp\/v2\/posts\/146\/revisions"}],"predecessor-version":[{"id":148,"href":"https:\/\/www.dge.gob.pe\/portalnuevo\/wp-json\/wp\/v2\/posts\/146\/revisions\/148"}],"wp:featuredmedia":[{"embeddable":true,"href":"https:\/\/www.dge.gob.pe\/portalnuevo\/wp-json\/wp\/v2\/media\/147"}],"wp:attachment":[{"href":"https:\/\/www.dge.gob.pe\/portalnuevo\/wp-json\/wp\/v2\/media?parent=146"}],"wp:term":[{"taxonomy":"category","embeddable":true,"href":"https:\/\/www.dge.gob.pe\/portalnuevo\/wp-json\/wp\/v2\/categories?post=146"},{"taxonomy":"post_tag","embeddable":true,"href":"https:\/\/www.dge.gob.pe\/portalnuevo\/wp-json\/wp\/v2\/tags?post=146"}],"curies":[{"name":"wp","href":"https:\/\/api.w.org\/{rel}","templated":true}]}}