{"id":1801,"date":"2023-01-16T09:48:00","date_gmt":"2023-01-16T14:48:00","guid":{"rendered":"https:\/\/www.dge.gob.pe\/portalnuevo\/?p=1801"},"modified":"2023-12-14T09:57:27","modified_gmt":"2023-12-14T14:57:27","slug":"cdc-peru-coordina-acciones-con-miembros-de-la-red-nacional-de-epidemiologia-para-fortalecer-la-vigilancia-en-salud-publica-y-la-inteligencia-sanitaria-en-el-pais","status":"publish","type":"post","link":"https:\/\/www.dge.gob.pe\/portalnuevo\/informacion-publica\/prensa\/cdc-peru-coordina-acciones-con-miembros-de-la-red-nacional-de-epidemiologia-para-fortalecer-la-vigilancia-en-salud-publica-y-la-inteligencia-sanitaria-en-el-pais\/","title":{"rendered":"CDC Per\u00fa coordina acciones con miembros de la Red Nacional de Epidemiolog\u00eda para fortalecer la Vigilancia en Salud P\u00fablica y la Inteligencia Sanitaria en el pa\u00eds"},"content":{"rendered":"\n<p>El CDC Per\u00fa y los directores de epidemiolog\u00eda de las diferentes regiones lograron importantes acuerdos en beneficio de la salud p\u00fablica del pa\u00eds.<\/p>\n\n\n\n<p class=\"has-text-align-right\">Lima, 16 de enero del 2023<\/p>\n\n\n\n<p>La reuni\u00f3n convocada por el Centro Nacional de Epidemiolog\u00eda, Prevenci\u00f3n y Control de Enfermedades (CDC Per\u00fa) del Ministerio de Salud (Minsa), reuni\u00f3 a los directores de epidemiolog\u00eda de las regiones y DIRIS, con la finalidad de presentar los lineamientos de trabajo para el 2023. Estos lineamientos permitir\u00e1n fortalecer la vigilancia en salud p\u00fablica, la inteligencia sanitaria y la respuesta inmediata ante brotes, epidemias o desastres; adem\u00e1s, un objetivo critico es que el trabajo de este a\u00f1o debe ser desarrollado de manera articulada y coordinada entre el CDC y la Red Nacional de Epidemiolog\u00eda RENACE.<\/p>\n\n\n\n<p>Al respecto, el director general del CDC Per\u00fa, Dr. C\u00e9sar Munayco, reconoci\u00f3 el trabajo de los equipos de epidemiolog\u00eda de todo el pa\u00eds y manifest\u00f3 que, \u201ces de vital importancia la articulaci\u00f3n de las acciones de epidemiolog\u00eda con las intervenciones preventivas y de control de enfermedades con la finalidad de mejorar la efectividad de estas intervenciones \u201d.<\/p>\n\n\n\n<p>En este mismo enfoque, se\u00f1al\u00f3 que se viene impulsando acciones para lograr que la formaci\u00f3n de los recursos humanos en epidemiolog\u00eda FETP- PERU (fronline, intermedio y avanzado) sea un proceso sostenible y que permita contar con epidemi\u00f3logos que sean l\u00edderes e instrumentos de cambio. Asimismo, enfatiz\u00f3 que se debe revalorizar el trabajo que realiza la Red Nacional de Epidemiolog\u00eda y todos los miembros que la integran.<\/p>\n\n\n\n<p>Es as\u00ed que, el CDC Per\u00fa y los directores Epidemiolog\u00eda de todo el pa\u00eds reafirmaron su compromiso con la salud p\u00fablica y acordaron en sostener reuniones permanentes de coordinaci\u00f3n para articular las acciones que se desarrollan en cada regi\u00f3n de acuerdo a su problem\u00e1tica de salud, asi como contribuir a alcanzar las metas propuestas por el CDC Per\u00fa para este a\u00f1o.<\/p>\n","protected":false},"excerpt":{"rendered":"<p>El CDC Per\u00fa y los directores de epidemiolog\u00eda de las diferentes regiones lograron importantes acuerdos en beneficio de la salud p\u00fablica del pa\u00eds. Lima, 16 de enero del 2023 La reuni\u00f3n convocada por el Centro Nacional de Epidemiolog\u00eda, Prevenci\u00f3n y Control de Enfermedades (CDC Per\u00fa) del Ministerio de Salud (Minsa), reuni\u00f3 a los directores de [&hellip;]<\/p>\n","protected":false},"author":1,"featured_media":1803,"comment_status":"open","ping_status":"open","sticky":false,"template":"","format":"standard","meta":{"site-sidebar-layout":"default","site-content-layout":"","ast-site-content-layout":"default","site-content-style":"default","site-sidebar-style":"default","ast-global-header-display":"","ast-banner-title-visibility":"","ast-main-header-display":"","ast-hfb-above-header-display":"","ast-hfb-below-header-display":"","ast-hfb-mobile-header-display":"","site-post-title":"","ast-breadcrumbs-content":"","ast-featured-img":"","footer-sml-layout":"","ast-disable-related-posts":"","theme-transparent-header-meta":"","adv-header-id-meta":"","stick-header-meta":"","header-above-stick-meta":"","header-main-stick-meta":"","header-below-stick-meta":"","astra-migrate-meta-layouts":"default","ast-page-background-enabled":"default","ast-page-background-meta":{"desktop":{"background-color":"var(--ast-global-color-4)","background-image":"","background-repeat":"repeat","background-position":"center center","background-size":"auto","background-attachment":"scroll","background-type":"","background-media":"","overlay-type":"","overlay-color":"","overlay-opacity":"","overlay-gradient":""},"tablet":{"background-color":"","background-image":"","background-repeat":"repeat","background-position":"center center","background-size":"auto","background-attachment":"scroll","background-type":"","background-media":"","overlay-type":"","overlay-color":"","overlay-opacity":"","overlay-gradient":""},"mobile":{"background-color":"","background-image":"","background-repeat":"repeat","background-position":"center center","background-size":"auto","background-attachment":"scroll","background-type":"","background-media":"","overlay-type":"","overlay-color":"","overlay-opacity":"","overlay-gradient":""}},"ast-content-background-meta":{"desktop":{"background-color":"var(--ast-global-color-5)","background-image":"","background-repeat":"repeat","background-position":"center center","background-size":"auto","background-attachment":"scroll","background-type":"","background-media":"","overlay-type":"","overlay-color":"","overlay-opacity":"","overlay-gradient":""},"tablet":{"background-color":"var(--ast-global-color-5)","background-image":"","background-repeat":"repeat","background-position":"center center","background-size":"auto","background-attachment":"scroll","background-type":"","background-media":"","overlay-type":"","overlay-color":"","overlay-opacity":"","overlay-gradient":""},"mobile":{"background-color":"var(--ast-global-color-5)","background-image":"","background-repeat":"repeat","background-position":"center center","background-size":"auto","background-attachment":"scroll","background-type":"","background-media":"","overlay-type":"","overlay-color":"","overlay-opacity":"","overlay-gradient":""}},"footnotes":""},"categories":[6,34],"tags":[],"class_list":["post-1801","post","type-post","status-publish","format-standard","has-post-thumbnail","hentry","category-prensa","category-renace"],"yoast_head":"<!-- This site is optimized with the Yoast SEO Premium plugin v26.6 (Yoast SEO v26.7) - https:\/\/yoast.com\/wordpress\/plugins\/seo\/ -->\n<title>CDC Per\u00fa coordina acciones con miembros de la Red Nacional de Epidemiolog\u00eda para fortalecer la Vigilancia en Salud P\u00fablica y la Inteligencia Sanitaria en el pa\u00eds - Centro Nacional de Epidemiolog\u00eda Prevenci\u00f3n y Control de Enfermedades<\/title>\n<meta name=\"robots\" content=\"index, follow, max-snippet:-1, max-image-preview:large, max-video-preview:-1\" \/>\n<link rel=\"canonical\" href=\"https:\/\/www.dge.gob.pe\/portalnuevo\/informacion-publica\/prensa\/cdc-peru-coordina-acciones-con-miembros-de-la-red-nacional-de-epidemiologia-para-fortalecer-la-vigilancia-en-salud-publica-y-la-inteligencia-sanitaria-en-el-pais\/\" \/>\n<meta property=\"og:locale\" content=\"es_ES\" \/>\n<meta property=\"og:type\" content=\"article\" \/>\n<meta property=\"og:title\" content=\"CDC Per\u00fa coordina acciones con miembros de la Red Nacional de Epidemiolog\u00eda para fortalecer la Vigilancia en Salud P\u00fablica y la Inteligencia Sanitaria en el pa\u00eds\" \/>\n<meta property=\"og:description\" content=\"El CDC Per\u00fa y los directores de epidemiolog\u00eda de las diferentes regiones lograron importantes acuerdos en beneficio de la salud p\u00fablica del pa\u00eds. Lima, 16 de enero del 2023 La reuni\u00f3n convocada por el Centro Nacional de Epidemiolog\u00eda, Prevenci\u00f3n y Control de Enfermedades (CDC Per\u00fa) del Ministerio de Salud (Minsa), reuni\u00f3 a los directores de [&hellip;]\" \/>\n<meta property=\"og:url\" content=\"https:\/\/www.dge.gob.pe\/portalnuevo\/informacion-publica\/prensa\/cdc-peru-coordina-acciones-con-miembros-de-la-red-nacional-de-epidemiologia-para-fortalecer-la-vigilancia-en-salud-publica-y-la-inteligencia-sanitaria-en-el-pais\/\" \/>\n<meta property=\"og:site_name\" content=\"Centro Nacional de Epidemiolog\u00eda Prevenci\u00f3n y Control de Enfermedades\" \/>\n<meta property=\"article:publisher\" content=\"https:\/\/www.facebook.com\/cdcperuminsa\" \/>\n<meta property=\"article:published_time\" content=\"2023-01-16T14:48:00+00:00\" \/>\n<meta property=\"article:modified_time\" content=\"2023-12-14T14:57:27+00:00\" \/>\n<meta property=\"og:image\" content=\"https:\/\/www.dge.gob.pe\/portalnuevo\/wp-content\/uploads\/2023\/01\/NP03-Reunion-RENACE-CDC.jpg\" \/>\n\t<meta property=\"og:image:width\" content=\"1500\" \/>\n\t<meta property=\"og:image:height\" content=\"920\" \/>\n\t<meta property=\"og:image:type\" content=\"image\/jpeg\" \/>\n<meta name=\"author\" content=\"alejandrob1519\" \/>\n<meta name=\"twitter:card\" content=\"summary_large_image\" \/>\n<meta name=\"twitter:creator\" content=\"@cdc_peru\" \/>\n<meta name=\"twitter:site\" content=\"@cdc_peru\" \/>\n<meta name=\"twitter:label1\" content=\"Written by\" \/>\n\t<meta name=\"twitter:data1\" content=\"alejandrob1519\" \/>\n\t<meta name=\"twitter:label2\" content=\"Est. reading time\" \/>\n\t<meta name=\"twitter:data2\" content=\"2 minutos\" \/>\n<script type=\"application\/ld+json\" class=\"yoast-schema-graph\">{\"@context\":\"https:\/\/schema.org\",\"@graph\":[{\"@type\":\"Article\",\"@id\":\"https:\/\/www.dge.gob.pe\/portalnuevo\/informacion-publica\/prensa\/cdc-peru-coordina-acciones-con-miembros-de-la-red-nacional-de-epidemiologia-para-fortalecer-la-vigilancia-en-salud-publica-y-la-inteligencia-sanitaria-en-el-pais\/#article\",\"isPartOf\":{\"@id\":\"https:\/\/www.dge.gob.pe\/portalnuevo\/informacion-publica\/prensa\/cdc-peru-coordina-acciones-con-miembros-de-la-red-nacional-de-epidemiologia-para-fortalecer-la-vigilancia-en-salud-publica-y-la-inteligencia-sanitaria-en-el-pais\/\"},\"author\":{\"name\":\"alejandrob1519\",\"@id\":\"https:\/\/www.dge.gob.pe\/portalnuevo\/#\/schema\/person\/8a4e8f802cc9569ef89b36d18cf4f900\"},\"headline\":\"CDC Per\u00fa coordina acciones con miembros de la Red Nacional de Epidemiolog\u00eda para fortalecer la Vigilancia en Salud P\u00fablica y la Inteligencia Sanitaria en el pa\u00eds\",\"datePublished\":\"2023-01-16T14:48:00+00:00\",\"dateModified\":\"2023-12-14T14:57:27+00:00\",\"mainEntityOfPage\":{\"@id\":\"https:\/\/www.dge.gob.pe\/portalnuevo\/informacion-publica\/prensa\/cdc-peru-coordina-acciones-con-miembros-de-la-red-nacional-de-epidemiologia-para-fortalecer-la-vigilancia-en-salud-publica-y-la-inteligencia-sanitaria-en-el-pais\/\"},\"wordCount\":362,\"commentCount\":0,\"publisher\":{\"@id\":\"https:\/\/www.dge.gob.pe\/portalnuevo\/#organization\"},\"image\":{\"@id\":\"https:\/\/www.dge.gob.pe\/portalnuevo\/informacion-publica\/prensa\/cdc-peru-coordina-acciones-con-miembros-de-la-red-nacional-de-epidemiologia-para-fortalecer-la-vigilancia-en-salud-publica-y-la-inteligencia-sanitaria-en-el-pais\/#primaryimage\"},\"thumbnailUrl\":\"https:\/\/www.dge.gob.pe\/portalnuevo\/wp-content\/uploads\/2023\/01\/NP03-Reunion-RENACE-CDC.jpg\",\"articleSection\":[\"Prensa\",\"RENACE\"],\"inLanguage\":\"es-PE\",\"potentialAction\":[{\"@type\":\"CommentAction\",\"name\":\"Comment\",\"target\":[\"https:\/\/www.dge.gob.pe\/portalnuevo\/informacion-publica\/prensa\/cdc-peru-coordina-acciones-con-miembros-de-la-red-nacional-de-epidemiologia-para-fortalecer-la-vigilancia-en-salud-publica-y-la-inteligencia-sanitaria-en-el-pais\/#respond\"]}]},{\"@type\":\"WebPage\",\"@id\":\"https:\/\/www.dge.gob.pe\/portalnuevo\/informacion-publica\/prensa\/cdc-peru-coordina-acciones-con-miembros-de-la-red-nacional-de-epidemiologia-para-fortalecer-la-vigilancia-en-salud-publica-y-la-inteligencia-sanitaria-en-el-pais\/\",\"url\":\"https:\/\/www.dge.gob.pe\/portalnuevo\/informacion-publica\/prensa\/cdc-peru-coordina-acciones-con-miembros-de-la-red-nacional-de-epidemiologia-para-fortalecer-la-vigilancia-en-salud-publica-y-la-inteligencia-sanitaria-en-el-pais\/\",\"name\":\"CDC Per\u00fa coordina acciones con miembros de la Red Nacional de Epidemiolog\u00eda para fortalecer la Vigilancia en Salud P\u00fablica y la Inteligencia Sanitaria en el pa\u00eds - Centro Nacional de Epidemiolog\u00eda Prevenci\u00f3n y Control de Enfermedades\",\"isPartOf\":{\"@id\":\"https:\/\/www.dge.gob.pe\/portalnuevo\/#website\"},\"primaryImageOfPage\":{\"@id\":\"https:\/\/www.dge.gob.pe\/portalnuevo\/informacion-publica\/prensa\/cdc-peru-coordina-acciones-con-miembros-de-la-red-nacional-de-epidemiologia-para-fortalecer-la-vigilancia-en-salud-publica-y-la-inteligencia-sanitaria-en-el-pais\/#primaryimage\"},\"image\":{\"@id\":\"https:\/\/www.dge.gob.pe\/portalnuevo\/informacion-publica\/prensa\/cdc-peru-coordina-acciones-con-miembros-de-la-red-nacional-de-epidemiologia-para-fortalecer-la-vigilancia-en-salud-publica-y-la-inteligencia-sanitaria-en-el-pais\/#primaryimage\"},\"thumbnailUrl\":\"https:\/\/www.dge.gob.pe\/portalnuevo\/wp-content\/uploads\/2023\/01\/NP03-Reunion-RENACE-CDC.jpg\",\"datePublished\":\"2023-01-16T14:48:00+00:00\",\"dateModified\":\"2023-12-14T14:57:27+00:00\",\"breadcrumb\":{\"@id\":\"https:\/\/www.dge.gob.pe\/portalnuevo\/informacion-publica\/prensa\/cdc-peru-coordina-acciones-con-miembros-de-la-red-nacional-de-epidemiologia-para-fortalecer-la-vigilancia-en-salud-publica-y-la-inteligencia-sanitaria-en-el-pais\/#breadcrumb\"},\"inLanguage\":\"es-PE\",\"potentialAction\":[{\"@type\":\"ReadAction\",\"target\":[\"https:\/\/www.dge.gob.pe\/portalnuevo\/informacion-publica\/prensa\/cdc-peru-coordina-acciones-con-miembros-de-la-red-nacional-de-epidemiologia-para-fortalecer-la-vigilancia-en-salud-publica-y-la-inteligencia-sanitaria-en-el-pais\/\"]}]},{\"@type\":\"ImageObject\",\"inLanguage\":\"es-PE\",\"@id\":\"https:\/\/www.dge.gob.pe\/portalnuevo\/informacion-publica\/prensa\/cdc-peru-coordina-acciones-con-miembros-de-la-red-nacional-de-epidemiologia-para-fortalecer-la-vigilancia-en-salud-publica-y-la-inteligencia-sanitaria-en-el-pais\/#primaryimage\",\"url\":\"https:\/\/www.dge.gob.pe\/portalnuevo\/wp-content\/uploads\/2023\/01\/NP03-Reunion-RENACE-CDC.jpg\",\"contentUrl\":\"https:\/\/www.dge.gob.pe\/portalnuevo\/wp-content\/uploads\/2023\/01\/NP03-Reunion-RENACE-CDC.jpg\",\"width\":1500,\"height\":920},{\"@type\":\"BreadcrumbList\",\"@id\":\"https:\/\/www.dge.gob.pe\/portalnuevo\/informacion-publica\/prensa\/cdc-peru-coordina-acciones-con-miembros-de-la-red-nacional-de-epidemiologia-para-fortalecer-la-vigilancia-en-salud-publica-y-la-inteligencia-sanitaria-en-el-pais\/#breadcrumb\",\"itemListElement\":[{\"@type\":\"ListItem\",\"position\":1,\"name\":\"Portada\",\"item\":\"https:\/\/www.dge.gob.pe\/portalnuevo\/\"},{\"@type\":\"ListItem\",\"position\":2,\"name\":\"CDC Per\u00fa coordina acciones con miembros de la Red Nacional de Epidemiolog\u00eda para fortalecer la Vigilancia en Salud P\u00fablica y la Inteligencia Sanitaria en el pa\u00eds\"}]},{\"@type\":\"WebSite\",\"@id\":\"https:\/\/www.dge.gob.pe\/portalnuevo\/#website\",\"url\":\"https:\/\/www.dge.gob.pe\/portalnuevo\/\",\"name\":\"Centro Nacional de Epidemiolog\u00eda Prevenci\u00f3n y Control de Enfermedades\",\"description\":\"\",\"publisher\":{\"@id\":\"https:\/\/www.dge.gob.pe\/portalnuevo\/#organization\"},\"potentialAction\":[{\"@type\":\"SearchAction\",\"target\":{\"@type\":\"EntryPoint\",\"urlTemplate\":\"https:\/\/www.dge.gob.pe\/portalnuevo\/?s={search_term_string}\"},\"query-input\":{\"@type\":\"PropertyValueSpecification\",\"valueRequired\":true,\"valueName\":\"search_term_string\"}}],\"inLanguage\":\"es-PE\"},{\"@type\":\"Organization\",\"@id\":\"https:\/\/www.dge.gob.pe\/portalnuevo\/#organization\",\"name\":\"Centro Nacional de Epidemiolog\u00eda Prevenci\u00f3n y Control de Enfermedades\",\"url\":\"https:\/\/www.dge.gob.pe\/portalnuevo\/\",\"logo\":{\"@type\":\"ImageObject\",\"inLanguage\":\"es-PE\",\"@id\":\"https:\/\/www.dge.gob.pe\/portalnuevo\/#\/schema\/logo\/image\/\",\"url\":\"https:\/\/www.dge.gob.pe\/portalnuevo\/wp-content\/uploads\/2023\/03\/logo_cdc.jpeg\",\"contentUrl\":\"https:\/\/www.dge.gob.pe\/portalnuevo\/wp-content\/uploads\/2023\/03\/logo_cdc.jpeg\",\"width\":1280,\"height\":127,\"caption\":\"Centro Nacional de Epidemiolog\u00eda Prevenci\u00f3n y Control de Enfermedades\"},\"image\":{\"@id\":\"https:\/\/www.dge.gob.pe\/portalnuevo\/#\/schema\/logo\/image\/\"},\"sameAs\":[\"https:\/\/www.facebook.com\/cdcperuminsa\",\"https:\/\/x.com\/cdc_peru\",\"https:\/\/www.youtube.com\/cdcperu\"]},{\"@type\":\"Person\",\"@id\":\"https:\/\/www.dge.gob.pe\/portalnuevo\/#\/schema\/person\/8a4e8f802cc9569ef89b36d18cf4f900\",\"name\":\"alejandrob1519\",\"image\":{\"@type\":\"ImageObject\",\"inLanguage\":\"es-PE\",\"@id\":\"https:\/\/www.dge.gob.pe\/portalnuevo\/#\/schema\/person\/image\/\",\"url\":\"https:\/\/secure.gravatar.com\/avatar\/03882533e3343f3f5be5289e060e3afaa741050f04c19cade9cd28e06851f0c9?s=96&d=mm&r=g\",\"contentUrl\":\"https:\/\/secure.gravatar.com\/avatar\/03882533e3343f3f5be5289e060e3afaa741050f04c19cade9cd28e06851f0c9?s=96&d=mm&r=g\",\"caption\":\"alejandrob1519\"},\"sameAs\":[\"https:\/\/www.dge.gob.pe\/portalnuevo\"],\"url\":\"https:\/\/www.dge.gob.pe\/portalnuevo\/author\/alejandrob1519\/\"}]}<\/script>\n<!-- \/ Yoast SEO Premium plugin. -->","yoast_head_json":{"title":"CDC Per\u00fa coordina acciones con miembros de la Red Nacional de Epidemiolog\u00eda para fortalecer la Vigilancia en Salud P\u00fablica y la Inteligencia Sanitaria en el pa\u00eds - Centro Nacional de Epidemiolog\u00eda Prevenci\u00f3n y Control de Enfermedades","robots":{"index":"index","follow":"follow","max-snippet":"max-snippet:-1","max-image-preview":"max-image-preview:large","max-video-preview":"max-video-preview:-1"},"canonical":"https:\/\/www.dge.gob.pe\/portalnuevo\/informacion-publica\/prensa\/cdc-peru-coordina-acciones-con-miembros-de-la-red-nacional-de-epidemiologia-para-fortalecer-la-vigilancia-en-salud-publica-y-la-inteligencia-sanitaria-en-el-pais\/","og_locale":"es_ES","og_type":"article","og_title":"CDC Per\u00fa coordina acciones con miembros de la Red Nacional de Epidemiolog\u00eda para fortalecer la Vigilancia en Salud P\u00fablica y la Inteligencia Sanitaria en el pa\u00eds","og_description":"El CDC Per\u00fa y los directores de epidemiolog\u00eda de las diferentes regiones lograron importantes acuerdos en beneficio de la salud p\u00fablica del pa\u00eds. Lima, 16 de enero del 2023 La reuni\u00f3n convocada por el Centro Nacional de Epidemiolog\u00eda, Prevenci\u00f3n y Control de Enfermedades (CDC Per\u00fa) del Ministerio de Salud (Minsa), reuni\u00f3 a los directores de [&hellip;]","og_url":"https:\/\/www.dge.gob.pe\/portalnuevo\/informacion-publica\/prensa\/cdc-peru-coordina-acciones-con-miembros-de-la-red-nacional-de-epidemiologia-para-fortalecer-la-vigilancia-en-salud-publica-y-la-inteligencia-sanitaria-en-el-pais\/","og_site_name":"Centro Nacional de Epidemiolog\u00eda Prevenci\u00f3n y Control de Enfermedades","article_publisher":"https:\/\/www.facebook.com\/cdcperuminsa","article_published_time":"2023-01-16T14:48:00+00:00","article_modified_time":"2023-12-14T14:57:27+00:00","og_image":[{"width":1500,"height":920,"url":"https:\/\/www.dge.gob.pe\/portalnuevo\/wp-content\/uploads\/2023\/01\/NP03-Reunion-RENACE-CDC.jpg","type":"image\/jpeg"}],"author":"alejandrob1519","twitter_card":"summary_large_image","twitter_creator":"@cdc_peru","twitter_site":"@cdc_peru","twitter_misc":{"Written by":"alejandrob1519","Est. reading time":"2 minutos"},"schema":{"@context":"https:\/\/schema.org","@graph":[{"@type":"Article","@id":"https:\/\/www.dge.gob.pe\/portalnuevo\/informacion-publica\/prensa\/cdc-peru-coordina-acciones-con-miembros-de-la-red-nacional-de-epidemiologia-para-fortalecer-la-vigilancia-en-salud-publica-y-la-inteligencia-sanitaria-en-el-pais\/#article","isPartOf":{"@id":"https:\/\/www.dge.gob.pe\/portalnuevo\/informacion-publica\/prensa\/cdc-peru-coordina-acciones-con-miembros-de-la-red-nacional-de-epidemiologia-para-fortalecer-la-vigilancia-en-salud-publica-y-la-inteligencia-sanitaria-en-el-pais\/"},"author":{"name":"alejandrob1519","@id":"https:\/\/www.dge.gob.pe\/portalnuevo\/#\/schema\/person\/8a4e8f802cc9569ef89b36d18cf4f900"},"headline":"CDC Per\u00fa coordina acciones con miembros de la Red Nacional de Epidemiolog\u00eda para fortalecer la Vigilancia en Salud P\u00fablica y la Inteligencia Sanitaria en el pa\u00eds","datePublished":"2023-01-16T14:48:00+00:00","dateModified":"2023-12-14T14:57:27+00:00","mainEntityOfPage":{"@id":"https:\/\/www.dge.gob.pe\/portalnuevo\/informacion-publica\/prensa\/cdc-peru-coordina-acciones-con-miembros-de-la-red-nacional-de-epidemiologia-para-fortalecer-la-vigilancia-en-salud-publica-y-la-inteligencia-sanitaria-en-el-pais\/"},"wordCount":362,"commentCount":0,"publisher":{"@id":"https:\/\/www.dge.gob.pe\/portalnuevo\/#organization"},"image":{"@id":"https:\/\/www.dge.gob.pe\/portalnuevo\/informacion-publica\/prensa\/cdc-peru-coordina-acciones-con-miembros-de-la-red-nacional-de-epidemiologia-para-fortalecer-la-vigilancia-en-salud-publica-y-la-inteligencia-sanitaria-en-el-pais\/#primaryimage"},"thumbnailUrl":"https:\/\/www.dge.gob.pe\/portalnuevo\/wp-content\/uploads\/2023\/01\/NP03-Reunion-RENACE-CDC.jpg","articleSection":["Prensa","RENACE"],"inLanguage":"es-PE","potentialAction":[{"@type":"CommentAction","name":"Comment","target":["https:\/\/www.dge.gob.pe\/portalnuevo\/informacion-publica\/prensa\/cdc-peru-coordina-acciones-con-miembros-de-la-red-nacional-de-epidemiologia-para-fortalecer-la-vigilancia-en-salud-publica-y-la-inteligencia-sanitaria-en-el-pais\/#respond"]}]},{"@type":"WebPage","@id":"https:\/\/www.dge.gob.pe\/portalnuevo\/informacion-publica\/prensa\/cdc-peru-coordina-acciones-con-miembros-de-la-red-nacional-de-epidemiologia-para-fortalecer-la-vigilancia-en-salud-publica-y-la-inteligencia-sanitaria-en-el-pais\/","url":"https:\/\/www.dge.gob.pe\/portalnuevo\/informacion-publica\/prensa\/cdc-peru-coordina-acciones-con-miembros-de-la-red-nacional-de-epidemiologia-para-fortalecer-la-vigilancia-en-salud-publica-y-la-inteligencia-sanitaria-en-el-pais\/","name":"CDC Per\u00fa coordina acciones con miembros de la Red Nacional de Epidemiolog\u00eda para fortalecer la Vigilancia en Salud P\u00fablica y la Inteligencia Sanitaria en el pa\u00eds - Centro Nacional de Epidemiolog\u00eda Prevenci\u00f3n y Control de Enfermedades","isPartOf":{"@id":"https:\/\/www.dge.gob.pe\/portalnuevo\/#website"},"primaryImageOfPage":{"@id":"https:\/\/www.dge.gob.pe\/portalnuevo\/informacion-publica\/prensa\/cdc-peru-coordina-acciones-con-miembros-de-la-red-nacional-de-epidemiologia-para-fortalecer-la-vigilancia-en-salud-publica-y-la-inteligencia-sanitaria-en-el-pais\/#primaryimage"},"image":{"@id":"https:\/\/www.dge.gob.pe\/portalnuevo\/informacion-publica\/prensa\/cdc-peru-coordina-acciones-con-miembros-de-la-red-nacional-de-epidemiologia-para-fortalecer-la-vigilancia-en-salud-publica-y-la-inteligencia-sanitaria-en-el-pais\/#primaryimage"},"thumbnailUrl":"https:\/\/www.dge.gob.pe\/portalnuevo\/wp-content\/uploads\/2023\/01\/NP03-Reunion-RENACE-CDC.jpg","datePublished":"2023-01-16T14:48:00+00:00","dateModified":"2023-12-14T14:57:27+00:00","breadcrumb":{"@id":"https:\/\/www.dge.gob.pe\/portalnuevo\/informacion-publica\/prensa\/cdc-peru-coordina-acciones-con-miembros-de-la-red-nacional-de-epidemiologia-para-fortalecer-la-vigilancia-en-salud-publica-y-la-inteligencia-sanitaria-en-el-pais\/#breadcrumb"},"inLanguage":"es-PE","potentialAction":[{"@type":"ReadAction","target":["https:\/\/www.dge.gob.pe\/portalnuevo\/informacion-publica\/prensa\/cdc-peru-coordina-acciones-con-miembros-de-la-red-nacional-de-epidemiologia-para-fortalecer-la-vigilancia-en-salud-publica-y-la-inteligencia-sanitaria-en-el-pais\/"]}]},{"@type":"ImageObject","inLanguage":"es-PE","@id":"https:\/\/www.dge.gob.pe\/portalnuevo\/informacion-publica\/prensa\/cdc-peru-coordina-acciones-con-miembros-de-la-red-nacional-de-epidemiologia-para-fortalecer-la-vigilancia-en-salud-publica-y-la-inteligencia-sanitaria-en-el-pais\/#primaryimage","url":"https:\/\/www.dge.gob.pe\/portalnuevo\/wp-content\/uploads\/2023\/01\/NP03-Reunion-RENACE-CDC.jpg","contentUrl":"https:\/\/www.dge.gob.pe\/portalnuevo\/wp-content\/uploads\/2023\/01\/NP03-Reunion-RENACE-CDC.jpg","width":1500,"height":920},{"@type":"BreadcrumbList","@id":"https:\/\/www.dge.gob.pe\/portalnuevo\/informacion-publica\/prensa\/cdc-peru-coordina-acciones-con-miembros-de-la-red-nacional-de-epidemiologia-para-fortalecer-la-vigilancia-en-salud-publica-y-la-inteligencia-sanitaria-en-el-pais\/#breadcrumb","itemListElement":[{"@type":"ListItem","position":1,"name":"Portada","item":"https:\/\/www.dge.gob.pe\/portalnuevo\/"},{"@type":"ListItem","position":2,"name":"CDC Per\u00fa coordina acciones con miembros de la Red Nacional de Epidemiolog\u00eda para fortalecer la Vigilancia en Salud P\u00fablica y la Inteligencia Sanitaria en el pa\u00eds"}]},{"@type":"WebSite","@id":"https:\/\/www.dge.gob.pe\/portalnuevo\/#website","url":"https:\/\/www.dge.gob.pe\/portalnuevo\/","name":"Centro Nacional de Epidemiolog\u00eda Prevenci\u00f3n y Control de Enfermedades","description":"","publisher":{"@id":"https:\/\/www.dge.gob.pe\/portalnuevo\/#organization"},"potentialAction":[{"@type":"SearchAction","target":{"@type":"EntryPoint","urlTemplate":"https:\/\/www.dge.gob.pe\/portalnuevo\/?s={search_term_string}"},"query-input":{"@type":"PropertyValueSpecification","valueRequired":true,"valueName":"search_term_string"}}],"inLanguage":"es-PE"},{"@type":"Organization","@id":"https:\/\/www.dge.gob.pe\/portalnuevo\/#organization","name":"Centro Nacional de Epidemiolog\u00eda Prevenci\u00f3n y Control de Enfermedades","url":"https:\/\/www.dge.gob.pe\/portalnuevo\/","logo":{"@type":"ImageObject","inLanguage":"es-PE","@id":"https:\/\/www.dge.gob.pe\/portalnuevo\/#\/schema\/logo\/image\/","url":"https:\/\/www.dge.gob.pe\/portalnuevo\/wp-content\/uploads\/2023\/03\/logo_cdc.jpeg","contentUrl":"https:\/\/www.dge.gob.pe\/portalnuevo\/wp-content\/uploads\/2023\/03\/logo_cdc.jpeg","width":1280,"height":127,"caption":"Centro Nacional de Epidemiolog\u00eda Prevenci\u00f3n y Control de Enfermedades"},"image":{"@id":"https:\/\/www.dge.gob.pe\/portalnuevo\/#\/schema\/logo\/image\/"},"sameAs":["https:\/\/www.facebook.com\/cdcperuminsa","https:\/\/x.com\/cdc_peru","https:\/\/www.youtube.com\/cdcperu"]},{"@type":"Person","@id":"https:\/\/www.dge.gob.pe\/portalnuevo\/#\/schema\/person\/8a4e8f802cc9569ef89b36d18cf4f900","name":"alejandrob1519","image":{"@type":"ImageObject","inLanguage":"es-PE","@id":"https:\/\/www.dge.gob.pe\/portalnuevo\/#\/schema\/person\/image\/","url":"https:\/\/secure.gravatar.com\/avatar\/03882533e3343f3f5be5289e060e3afaa741050f04c19cade9cd28e06851f0c9?s=96&d=mm&r=g","contentUrl":"https:\/\/secure.gravatar.com\/avatar\/03882533e3343f3f5be5289e060e3afaa741050f04c19cade9cd28e06851f0c9?s=96&d=mm&r=g","caption":"alejandrob1519"},"sameAs":["https:\/\/www.dge.gob.pe\/portalnuevo"],"url":"https:\/\/www.dge.gob.pe\/portalnuevo\/author\/alejandrob1519\/"}]}},"_links":{"self":[{"href":"https:\/\/www.dge.gob.pe\/portalnuevo\/wp-json\/wp\/v2\/posts\/1801","targetHints":{"allow":["GET"]}}],"collection":[{"href":"https:\/\/www.dge.gob.pe\/portalnuevo\/wp-json\/wp\/v2\/posts"}],"about":[{"href":"https:\/\/www.dge.gob.pe\/portalnuevo\/wp-json\/wp\/v2\/types\/post"}],"author":[{"embeddable":true,"href":"https:\/\/www.dge.gob.pe\/portalnuevo\/wp-json\/wp\/v2\/users\/1"}],"replies":[{"embeddable":true,"href":"https:\/\/www.dge.gob.pe\/portalnuevo\/wp-json\/wp\/v2\/comments?post=1801"}],"version-history":[{"count":1,"href":"https:\/\/www.dge.gob.pe\/portalnuevo\/wp-json\/wp\/v2\/posts\/1801\/revisions"}],"predecessor-version":[{"id":1802,"href":"https:\/\/www.dge.gob.pe\/portalnuevo\/wp-json\/wp\/v2\/posts\/1801\/revisions\/1802"}],"wp:featuredmedia":[{"embeddable":true,"href":"https:\/\/www.dge.gob.pe\/portalnuevo\/wp-json\/wp\/v2\/media\/1803"}],"wp:attachment":[{"href":"https:\/\/www.dge.gob.pe\/portalnuevo\/wp-json\/wp\/v2\/media?parent=1801"}],"wp:term":[{"taxonomy":"category","embeddable":true,"href":"https:\/\/www.dge.gob.pe\/portalnuevo\/wp-json\/wp\/v2\/categories?post=1801"},{"taxonomy":"post_tag","embeddable":true,"href":"https:\/\/www.dge.gob.pe\/portalnuevo\/wp-json\/wp\/v2\/tags?post=1801"}],"curies":[{"name":"wp","href":"https:\/\/api.w.org\/{rel}","templated":true}]}}