{"id":4787,"date":"2023-10-17T11:14:00","date_gmt":"2023-10-17T16:14:00","guid":{"rendered":"https:\/\/www.dge.gob.pe\/portalnuevo\/?p=4787"},"modified":"2024-05-31T11:20:13","modified_gmt":"2024-05-31T16:20:13","slug":"cdc-peru-emite-alerta-epidemiologica-sobre-un-caso-confirmado-de-rabia-humana-urbana-en-arequipa","status":"publish","type":"post","link":"https:\/\/www.dge.gob.pe\/portalnuevo\/informacion-publica\/prensa\/cdc-peru-emite-alerta-epidemiologica-sobre-un-caso-confirmado-de-rabia-humana-urbana-en-arequipa\/","title":{"rendered":"CDC Per\u00fa emite alerta epidemiol\u00f3gica sobre un caso confirmado de rabia humana urbana en Arequipa"},"content":{"rendered":"\n<p>Lima, 17 de octubre del 2023<\/p>\n\n\n\n<p>El Centro Nacional de Epidemiolog\u00eda, Prevenci\u00f3n y Control de Enfermedades del Ministerio de Salud, alerta a los servicios de salud del pa\u00eds y en particular de las regiones de Arequipa, Madre de Dios, Puno, Tacna, Cusco, Ica, Ayacucho, Moquegua, Apur\u00edmac y Lima; ante la confirmaci\u00f3n de un caso de rabia humana urbana en el distrito de Chiguata, provincia y departamento de Arequipa con la finalidad de intensificar la vigilancia epidemiol\u00f3gica y fortalecer las medidas de prevenci\u00f3n y control de la rabia.<\/p>\n\n\n\n<p>Desde la semana epidemiol\u00f3gica (SE) 50 de 2014, a\u00f1o en que se reintrodujo la rabia canina en la regi\u00f3n de Arequipa hasta la SE 40 de 2023, se han confirmado un total de 387 casos de rabia urbana, de los cuales 384 afectaron a perros y 3 a gatos. Estos casos se han reportado en 21 distritos distribuidos en tres provincias de Arequipa: Arequipa (96.4%), Caylloma (3.1%), y Caman\u00e1 (0.5%). Adem\u00e1s, en el per\u00edodo comprendido entre la SE 1 y la SE 40 del 2023, se han confirmado 26 casos de rabia en perros.<\/p>\n\n\n\n<p>Asimismo, en Arequipa, el riesgo de aparici\u00f3n de casos de rabia en canes y su propagaci\u00f3n incluso a humanos en entornos urbanos, se ha incrementado fundamentalmente por las coberturas de vacunaci\u00f3n de perros inferiores al 80%.<\/p>\n\n\n\n<p>Finalmente, la presente alerta est\u00e1 dirigida a todos los Establecimientos de Salud (EESS) del MINSA, ESSALUD, fuerzas armadas y policiales; adem\u00e1s el sector privado y los Gobiernos Regionales y Locales, siendo responsables de su difusi\u00f3n e implementaci\u00f3n.<\/p>\n\n\n\n<blockquote class=\"wp-block-quote is-layout-flow wp-block-quote-is-layout-flow\">\n<p>Para m\u00e1s informaci\u00f3n, visite el documento completo en el siguiente enlace: <a href=\"https:\/\/www.dge.gob.pe\/epipublic\/uploads\/alertas\/alertas_202317_17_141559.pdf\" target=\"_blank\" rel=\"noreferrer noopener\">https:\/\/www.dge.gob.pe\/epipublic\/uploads\/alertas\/alertas_202317_17_141559.pdf<\/a><\/p>\n<\/blockquote>\n","protected":false},"excerpt":{"rendered":"<p>Lima, 17 de octubre del 2023 El Centro Nacional de Epidemiolog\u00eda, Prevenci\u00f3n y Control de Enfermedades del Ministerio de Salud, alerta a los servicios de salud del pa\u00eds y en particular de las regiones de Arequipa, Madre de Dios, Puno, Tacna, Cusco, Ica, Ayacucho, Moquegua, Apur\u00edmac y Lima; ante la confirmaci\u00f3n de un caso de [&hellip;]<\/p>\n","protected":false},"author":3,"featured_media":4788,"comment_status":"open","ping_status":"open","sticky":false,"template":"","format":"standard","meta":{"site-sidebar-layout":"default","site-content-layout":"","ast-site-content-layout":"default","site-content-style":"default","site-sidebar-style":"default","ast-global-header-display":"","ast-banner-title-visibility":"","ast-main-header-display":"","ast-hfb-above-header-display":"","ast-hfb-below-header-display":"","ast-hfb-mobile-header-display":"","site-post-title":"","ast-breadcrumbs-content":"","ast-featured-img":"","footer-sml-layout":"","ast-disable-related-posts":"","theme-transparent-header-meta":"","adv-header-id-meta":"","stick-header-meta":"","header-above-stick-meta":"","header-main-stick-meta":"","header-below-stick-meta":"","astra-migrate-meta-layouts":"default","ast-page-background-enabled":"default","ast-page-background-meta":{"desktop":{"background-color":"var(--ast-global-color-4)","background-image":"","background-repeat":"repeat","background-position":"center center","background-size":"auto","background-attachment":"scroll","background-type":"","background-media":"","overlay-type":"","overlay-color":"","overlay-opacity":"","overlay-gradient":""},"tablet":{"background-color":"","background-image":"","background-repeat":"repeat","background-position":"center center","background-size":"auto","background-attachment":"scroll","background-type":"","background-media":"","overlay-type":"","overlay-color":"","overlay-opacity":"","overlay-gradient":""},"mobile":{"background-color":"","background-image":"","background-repeat":"repeat","background-position":"center center","background-size":"auto","background-attachment":"scroll","background-type":"","background-media":"","overlay-type":"","overlay-color":"","overlay-opacity":"","overlay-gradient":""}},"ast-content-background-meta":{"desktop":{"background-color":"var(--ast-global-color-5)","background-image":"","background-repeat":"repeat","background-position":"center center","background-size":"auto","background-attachment":"scroll","background-type":"","background-media":"","overlay-type":"","overlay-color":"","overlay-opacity":"","overlay-gradient":""},"tablet":{"background-color":"var(--ast-global-color-5)","background-image":"","background-repeat":"repeat","background-position":"center center","background-size":"auto","background-attachment":"scroll","background-type":"","background-media":"","overlay-type":"","overlay-color":"","overlay-opacity":"","overlay-gradient":""},"mobile":{"background-color":"var(--ast-global-color-5)","background-image":"","background-repeat":"repeat","background-position":"center center","background-size":"auto","background-attachment":"scroll","background-type":"","background-media":"","overlay-type":"","overlay-color":"","overlay-opacity":"","overlay-gradient":""}},"footnotes":""},"categories":[26,6],"tags":[],"class_list":["post-4787","post","type-post","status-publish","format-standard","has-post-thumbnail","hentry","category-destacado","category-prensa"],"yoast_head":"<!-- This site is optimized with the Yoast SEO Premium plugin v26.6 (Yoast SEO v26.7) - https:\/\/yoast.com\/wordpress\/plugins\/seo\/ -->\n<title>CDC Per\u00fa emite alerta epidemiol\u00f3gica sobre un caso confirmado de rabia humana urbana en Arequipa - Centro Nacional de Epidemiolog\u00eda Prevenci\u00f3n y Control de Enfermedades<\/title>\n<meta name=\"robots\" content=\"index, follow, max-snippet:-1, max-image-preview:large, max-video-preview:-1\" \/>\n<link rel=\"canonical\" href=\"https:\/\/www.dge.gob.pe\/portalnuevo\/informacion-publica\/prensa\/cdc-peru-emite-alerta-epidemiologica-sobre-un-caso-confirmado-de-rabia-humana-urbana-en-arequipa\/\" \/>\n<meta property=\"og:locale\" content=\"es_ES\" \/>\n<meta property=\"og:type\" content=\"article\" \/>\n<meta property=\"og:title\" content=\"CDC Per\u00fa emite alerta epidemiol\u00f3gica sobre un caso confirmado de rabia humana urbana en Arequipa\" \/>\n<meta property=\"og:description\" content=\"Lima, 17 de octubre del 2023 El Centro Nacional de Epidemiolog\u00eda, Prevenci\u00f3n y Control de Enfermedades del Ministerio de Salud, alerta a los servicios de salud del pa\u00eds y en particular de las regiones de Arequipa, Madre de Dios, Puno, Tacna, Cusco, Ica, Ayacucho, Moquegua, Apur\u00edmac y Lima; ante la confirmaci\u00f3n de un caso de [&hellip;]\" \/>\n<meta property=\"og:url\" content=\"https:\/\/www.dge.gob.pe\/portalnuevo\/informacion-publica\/prensa\/cdc-peru-emite-alerta-epidemiologica-sobre-un-caso-confirmado-de-rabia-humana-urbana-en-arequipa\/\" \/>\n<meta property=\"og:site_name\" content=\"Centro Nacional de Epidemiolog\u00eda Prevenci\u00f3n y Control de Enfermedades\" \/>\n<meta property=\"article:publisher\" content=\"https:\/\/www.facebook.com\/cdcperuminsa\" \/>\n<meta property=\"article:published_time\" content=\"2023-10-17T16:14:00+00:00\" \/>\n<meta property=\"article:modified_time\" content=\"2024-05-31T16:20:13+00:00\" \/>\n<meta property=\"og:image\" content=\"https:\/\/www.dge.gob.pe\/portalnuevo\/wp-content\/uploads\/2024\/05\/the-man-is-trying-to-stay-stable-despite-of-the-do-2021-09-02-14-56-57-utc-scaled-1.jpg\" \/>\n\t<meta property=\"og:image:width\" content=\"2560\" \/>\n\t<meta property=\"og:image:height\" content=\"1707\" \/>\n\t<meta property=\"og:image:type\" content=\"image\/jpeg\" \/>\n<meta name=\"author\" content=\"Dayanna Perez\" \/>\n<meta name=\"twitter:card\" content=\"summary_large_image\" \/>\n<meta name=\"twitter:creator\" content=\"@cdc_peru\" \/>\n<meta name=\"twitter:site\" content=\"@cdc_peru\" \/>\n<meta name=\"twitter:label1\" content=\"Written by\" \/>\n\t<meta name=\"twitter:data1\" content=\"Dayanna Perez\" \/>\n\t<meta name=\"twitter:label2\" content=\"Est. reading time\" \/>\n\t<meta name=\"twitter:data2\" content=\"1 minuto\" \/>\n<script type=\"application\/ld+json\" class=\"yoast-schema-graph\">{\"@context\":\"https:\/\/schema.org\",\"@graph\":[{\"@type\":\"Article\",\"@id\":\"https:\/\/www.dge.gob.pe\/portalnuevo\/informacion-publica\/prensa\/cdc-peru-emite-alerta-epidemiologica-sobre-un-caso-confirmado-de-rabia-humana-urbana-en-arequipa\/#article\",\"isPartOf\":{\"@id\":\"https:\/\/www.dge.gob.pe\/portalnuevo\/informacion-publica\/prensa\/cdc-peru-emite-alerta-epidemiologica-sobre-un-caso-confirmado-de-rabia-humana-urbana-en-arequipa\/\"},\"author\":{\"name\":\"Dayanna Perez\",\"@id\":\"https:\/\/www.dge.gob.pe\/portalnuevo\/#\/schema\/person\/4c442df730ebdd8df5192549fb8861ba\"},\"headline\":\"CDC Per\u00fa emite alerta epidemiol\u00f3gica sobre un caso confirmado de rabia humana urbana en Arequipa\",\"datePublished\":\"2023-10-17T16:14:00+00:00\",\"dateModified\":\"2024-05-31T16:20:13+00:00\",\"mainEntityOfPage\":{\"@id\":\"https:\/\/www.dge.gob.pe\/portalnuevo\/informacion-publica\/prensa\/cdc-peru-emite-alerta-epidemiologica-sobre-un-caso-confirmado-de-rabia-humana-urbana-en-arequipa\/\"},\"wordCount\":293,\"commentCount\":0,\"publisher\":{\"@id\":\"https:\/\/www.dge.gob.pe\/portalnuevo\/#organization\"},\"image\":{\"@id\":\"https:\/\/www.dge.gob.pe\/portalnuevo\/informacion-publica\/prensa\/cdc-peru-emite-alerta-epidemiologica-sobre-un-caso-confirmado-de-rabia-humana-urbana-en-arequipa\/#primaryimage\"},\"thumbnailUrl\":\"https:\/\/www.dge.gob.pe\/portalnuevo\/wp-content\/uploads\/2024\/05\/the-man-is-trying-to-stay-stable-despite-of-the-do-2021-09-02-14-56-57-utc-scaled-1.jpg\",\"articleSection\":[\"Destacado\",\"Prensa\"],\"inLanguage\":\"es-PE\",\"potentialAction\":[{\"@type\":\"CommentAction\",\"name\":\"Comment\",\"target\":[\"https:\/\/www.dge.gob.pe\/portalnuevo\/informacion-publica\/prensa\/cdc-peru-emite-alerta-epidemiologica-sobre-un-caso-confirmado-de-rabia-humana-urbana-en-arequipa\/#respond\"]}]},{\"@type\":\"WebPage\",\"@id\":\"https:\/\/www.dge.gob.pe\/portalnuevo\/informacion-publica\/prensa\/cdc-peru-emite-alerta-epidemiologica-sobre-un-caso-confirmado-de-rabia-humana-urbana-en-arequipa\/\",\"url\":\"https:\/\/www.dge.gob.pe\/portalnuevo\/informacion-publica\/prensa\/cdc-peru-emite-alerta-epidemiologica-sobre-un-caso-confirmado-de-rabia-humana-urbana-en-arequipa\/\",\"name\":\"CDC Per\u00fa emite alerta epidemiol\u00f3gica sobre un caso confirmado de rabia humana urbana en Arequipa - Centro Nacional de Epidemiolog\u00eda Prevenci\u00f3n y Control de Enfermedades\",\"isPartOf\":{\"@id\":\"https:\/\/www.dge.gob.pe\/portalnuevo\/#website\"},\"primaryImageOfPage\":{\"@id\":\"https:\/\/www.dge.gob.pe\/portalnuevo\/informacion-publica\/prensa\/cdc-peru-emite-alerta-epidemiologica-sobre-un-caso-confirmado-de-rabia-humana-urbana-en-arequipa\/#primaryimage\"},\"image\":{\"@id\":\"https:\/\/www.dge.gob.pe\/portalnuevo\/informacion-publica\/prensa\/cdc-peru-emite-alerta-epidemiologica-sobre-un-caso-confirmado-de-rabia-humana-urbana-en-arequipa\/#primaryimage\"},\"thumbnailUrl\":\"https:\/\/www.dge.gob.pe\/portalnuevo\/wp-content\/uploads\/2024\/05\/the-man-is-trying-to-stay-stable-despite-of-the-do-2021-09-02-14-56-57-utc-scaled-1.jpg\",\"datePublished\":\"2023-10-17T16:14:00+00:00\",\"dateModified\":\"2024-05-31T16:20:13+00:00\",\"breadcrumb\":{\"@id\":\"https:\/\/www.dge.gob.pe\/portalnuevo\/informacion-publica\/prensa\/cdc-peru-emite-alerta-epidemiologica-sobre-un-caso-confirmado-de-rabia-humana-urbana-en-arequipa\/#breadcrumb\"},\"inLanguage\":\"es-PE\",\"potentialAction\":[{\"@type\":\"ReadAction\",\"target\":[\"https:\/\/www.dge.gob.pe\/portalnuevo\/informacion-publica\/prensa\/cdc-peru-emite-alerta-epidemiologica-sobre-un-caso-confirmado-de-rabia-humana-urbana-en-arequipa\/\"]}]},{\"@type\":\"ImageObject\",\"inLanguage\":\"es-PE\",\"@id\":\"https:\/\/www.dge.gob.pe\/portalnuevo\/informacion-publica\/prensa\/cdc-peru-emite-alerta-epidemiologica-sobre-un-caso-confirmado-de-rabia-humana-urbana-en-arequipa\/#primaryimage\",\"url\":\"https:\/\/www.dge.gob.pe\/portalnuevo\/wp-content\/uploads\/2024\/05\/the-man-is-trying-to-stay-stable-despite-of-the-do-2021-09-02-14-56-57-utc-scaled-1.jpg\",\"contentUrl\":\"https:\/\/www.dge.gob.pe\/portalnuevo\/wp-content\/uploads\/2024\/05\/the-man-is-trying-to-stay-stable-despite-of-the-do-2021-09-02-14-56-57-utc-scaled-1.jpg\",\"width\":2560,\"height\":1707},{\"@type\":\"BreadcrumbList\",\"@id\":\"https:\/\/www.dge.gob.pe\/portalnuevo\/informacion-publica\/prensa\/cdc-peru-emite-alerta-epidemiologica-sobre-un-caso-confirmado-de-rabia-humana-urbana-en-arequipa\/#breadcrumb\",\"itemListElement\":[{\"@type\":\"ListItem\",\"position\":1,\"name\":\"Portada\",\"item\":\"https:\/\/www.dge.gob.pe\/portalnuevo\/\"},{\"@type\":\"ListItem\",\"position\":2,\"name\":\"CDC Per\u00fa emite alerta epidemiol\u00f3gica sobre un caso confirmado de rabia humana urbana en Arequipa\"}]},{\"@type\":\"WebSite\",\"@id\":\"https:\/\/www.dge.gob.pe\/portalnuevo\/#website\",\"url\":\"https:\/\/www.dge.gob.pe\/portalnuevo\/\",\"name\":\"Centro Nacional de Epidemiolog\u00eda Prevenci\u00f3n y Control de Enfermedades\",\"description\":\"\",\"publisher\":{\"@id\":\"https:\/\/www.dge.gob.pe\/portalnuevo\/#organization\"},\"potentialAction\":[{\"@type\":\"SearchAction\",\"target\":{\"@type\":\"EntryPoint\",\"urlTemplate\":\"https:\/\/www.dge.gob.pe\/portalnuevo\/?s={search_term_string}\"},\"query-input\":{\"@type\":\"PropertyValueSpecification\",\"valueRequired\":true,\"valueName\":\"search_term_string\"}}],\"inLanguage\":\"es-PE\"},{\"@type\":\"Organization\",\"@id\":\"https:\/\/www.dge.gob.pe\/portalnuevo\/#organization\",\"name\":\"Centro Nacional de Epidemiolog\u00eda Prevenci\u00f3n y Control de Enfermedades\",\"url\":\"https:\/\/www.dge.gob.pe\/portalnuevo\/\",\"logo\":{\"@type\":\"ImageObject\",\"inLanguage\":\"es-PE\",\"@id\":\"https:\/\/www.dge.gob.pe\/portalnuevo\/#\/schema\/logo\/image\/\",\"url\":\"https:\/\/www.dge.gob.pe\/portalnuevo\/wp-content\/uploads\/2023\/03\/logo_cdc.jpeg\",\"contentUrl\":\"https:\/\/www.dge.gob.pe\/portalnuevo\/wp-content\/uploads\/2023\/03\/logo_cdc.jpeg\",\"width\":1280,\"height\":127,\"caption\":\"Centro Nacional de Epidemiolog\u00eda Prevenci\u00f3n y Control de Enfermedades\"},\"image\":{\"@id\":\"https:\/\/www.dge.gob.pe\/portalnuevo\/#\/schema\/logo\/image\/\"},\"sameAs\":[\"https:\/\/www.facebook.com\/cdcperuminsa\",\"https:\/\/x.com\/cdc_peru\",\"https:\/\/www.youtube.com\/cdcperu\"]},{\"@type\":\"Person\",\"@id\":\"https:\/\/www.dge.gob.pe\/portalnuevo\/#\/schema\/person\/4c442df730ebdd8df5192549fb8861ba\",\"name\":\"Dayanna Perez\",\"image\":{\"@type\":\"ImageObject\",\"inLanguage\":\"es-PE\",\"@id\":\"https:\/\/www.dge.gob.pe\/portalnuevo\/#\/schema\/person\/image\/\",\"url\":\"https:\/\/secure.gravatar.com\/avatar\/f69eba7ec2a4416851cf9079c82f0f14f30edaa208d1aba00528f485b35f2c1b?s=96&d=mm&r=g\",\"contentUrl\":\"https:\/\/secure.gravatar.com\/avatar\/f69eba7ec2a4416851cf9079c82f0f14f30edaa208d1aba00528f485b35f2c1b?s=96&d=mm&r=g\",\"caption\":\"Dayanna Perez\"},\"url\":\"https:\/\/www.dge.gob.pe\/portalnuevo\/author\/dpereza\/\"}]}<\/script>\n<!-- \/ Yoast SEO Premium plugin. -->","yoast_head_json":{"title":"CDC Per\u00fa emite alerta epidemiol\u00f3gica sobre un caso confirmado de rabia humana urbana en Arequipa - Centro Nacional de Epidemiolog\u00eda Prevenci\u00f3n y Control de Enfermedades","robots":{"index":"index","follow":"follow","max-snippet":"max-snippet:-1","max-image-preview":"max-image-preview:large","max-video-preview":"max-video-preview:-1"},"canonical":"https:\/\/www.dge.gob.pe\/portalnuevo\/informacion-publica\/prensa\/cdc-peru-emite-alerta-epidemiologica-sobre-un-caso-confirmado-de-rabia-humana-urbana-en-arequipa\/","og_locale":"es_ES","og_type":"article","og_title":"CDC Per\u00fa emite alerta epidemiol\u00f3gica sobre un caso confirmado de rabia humana urbana en Arequipa","og_description":"Lima, 17 de octubre del 2023 El Centro Nacional de Epidemiolog\u00eda, Prevenci\u00f3n y Control de Enfermedades del Ministerio de Salud, alerta a los servicios de salud del pa\u00eds y en particular de las regiones de Arequipa, Madre de Dios, Puno, Tacna, Cusco, Ica, Ayacucho, Moquegua, Apur\u00edmac y Lima; ante la confirmaci\u00f3n de un caso de [&hellip;]","og_url":"https:\/\/www.dge.gob.pe\/portalnuevo\/informacion-publica\/prensa\/cdc-peru-emite-alerta-epidemiologica-sobre-un-caso-confirmado-de-rabia-humana-urbana-en-arequipa\/","og_site_name":"Centro Nacional de Epidemiolog\u00eda Prevenci\u00f3n y Control de Enfermedades","article_publisher":"https:\/\/www.facebook.com\/cdcperuminsa","article_published_time":"2023-10-17T16:14:00+00:00","article_modified_time":"2024-05-31T16:20:13+00:00","og_image":[{"width":2560,"height":1707,"url":"https:\/\/www.dge.gob.pe\/portalnuevo\/wp-content\/uploads\/2024\/05\/the-man-is-trying-to-stay-stable-despite-of-the-do-2021-09-02-14-56-57-utc-scaled-1.jpg","type":"image\/jpeg"}],"author":"Dayanna Perez","twitter_card":"summary_large_image","twitter_creator":"@cdc_peru","twitter_site":"@cdc_peru","twitter_misc":{"Written by":"Dayanna Perez","Est. reading time":"1 minuto"},"schema":{"@context":"https:\/\/schema.org","@graph":[{"@type":"Article","@id":"https:\/\/www.dge.gob.pe\/portalnuevo\/informacion-publica\/prensa\/cdc-peru-emite-alerta-epidemiologica-sobre-un-caso-confirmado-de-rabia-humana-urbana-en-arequipa\/#article","isPartOf":{"@id":"https:\/\/www.dge.gob.pe\/portalnuevo\/informacion-publica\/prensa\/cdc-peru-emite-alerta-epidemiologica-sobre-un-caso-confirmado-de-rabia-humana-urbana-en-arequipa\/"},"author":{"name":"Dayanna Perez","@id":"https:\/\/www.dge.gob.pe\/portalnuevo\/#\/schema\/person\/4c442df730ebdd8df5192549fb8861ba"},"headline":"CDC Per\u00fa emite alerta epidemiol\u00f3gica sobre un caso confirmado de rabia humana urbana en Arequipa","datePublished":"2023-10-17T16:14:00+00:00","dateModified":"2024-05-31T16:20:13+00:00","mainEntityOfPage":{"@id":"https:\/\/www.dge.gob.pe\/portalnuevo\/informacion-publica\/prensa\/cdc-peru-emite-alerta-epidemiologica-sobre-un-caso-confirmado-de-rabia-humana-urbana-en-arequipa\/"},"wordCount":293,"commentCount":0,"publisher":{"@id":"https:\/\/www.dge.gob.pe\/portalnuevo\/#organization"},"image":{"@id":"https:\/\/www.dge.gob.pe\/portalnuevo\/informacion-publica\/prensa\/cdc-peru-emite-alerta-epidemiologica-sobre-un-caso-confirmado-de-rabia-humana-urbana-en-arequipa\/#primaryimage"},"thumbnailUrl":"https:\/\/www.dge.gob.pe\/portalnuevo\/wp-content\/uploads\/2024\/05\/the-man-is-trying-to-stay-stable-despite-of-the-do-2021-09-02-14-56-57-utc-scaled-1.jpg","articleSection":["Destacado","Prensa"],"inLanguage":"es-PE","potentialAction":[{"@type":"CommentAction","name":"Comment","target":["https:\/\/www.dge.gob.pe\/portalnuevo\/informacion-publica\/prensa\/cdc-peru-emite-alerta-epidemiologica-sobre-un-caso-confirmado-de-rabia-humana-urbana-en-arequipa\/#respond"]}]},{"@type":"WebPage","@id":"https:\/\/www.dge.gob.pe\/portalnuevo\/informacion-publica\/prensa\/cdc-peru-emite-alerta-epidemiologica-sobre-un-caso-confirmado-de-rabia-humana-urbana-en-arequipa\/","url":"https:\/\/www.dge.gob.pe\/portalnuevo\/informacion-publica\/prensa\/cdc-peru-emite-alerta-epidemiologica-sobre-un-caso-confirmado-de-rabia-humana-urbana-en-arequipa\/","name":"CDC Per\u00fa emite alerta epidemiol\u00f3gica sobre un caso confirmado de rabia humana urbana en Arequipa - Centro Nacional de Epidemiolog\u00eda Prevenci\u00f3n y Control de Enfermedades","isPartOf":{"@id":"https:\/\/www.dge.gob.pe\/portalnuevo\/#website"},"primaryImageOfPage":{"@id":"https:\/\/www.dge.gob.pe\/portalnuevo\/informacion-publica\/prensa\/cdc-peru-emite-alerta-epidemiologica-sobre-un-caso-confirmado-de-rabia-humana-urbana-en-arequipa\/#primaryimage"},"image":{"@id":"https:\/\/www.dge.gob.pe\/portalnuevo\/informacion-publica\/prensa\/cdc-peru-emite-alerta-epidemiologica-sobre-un-caso-confirmado-de-rabia-humana-urbana-en-arequipa\/#primaryimage"},"thumbnailUrl":"https:\/\/www.dge.gob.pe\/portalnuevo\/wp-content\/uploads\/2024\/05\/the-man-is-trying-to-stay-stable-despite-of-the-do-2021-09-02-14-56-57-utc-scaled-1.jpg","datePublished":"2023-10-17T16:14:00+00:00","dateModified":"2024-05-31T16:20:13+00:00","breadcrumb":{"@id":"https:\/\/www.dge.gob.pe\/portalnuevo\/informacion-publica\/prensa\/cdc-peru-emite-alerta-epidemiologica-sobre-un-caso-confirmado-de-rabia-humana-urbana-en-arequipa\/#breadcrumb"},"inLanguage":"es-PE","potentialAction":[{"@type":"ReadAction","target":["https:\/\/www.dge.gob.pe\/portalnuevo\/informacion-publica\/prensa\/cdc-peru-emite-alerta-epidemiologica-sobre-un-caso-confirmado-de-rabia-humana-urbana-en-arequipa\/"]}]},{"@type":"ImageObject","inLanguage":"es-PE","@id":"https:\/\/www.dge.gob.pe\/portalnuevo\/informacion-publica\/prensa\/cdc-peru-emite-alerta-epidemiologica-sobre-un-caso-confirmado-de-rabia-humana-urbana-en-arequipa\/#primaryimage","url":"https:\/\/www.dge.gob.pe\/portalnuevo\/wp-content\/uploads\/2024\/05\/the-man-is-trying-to-stay-stable-despite-of-the-do-2021-09-02-14-56-57-utc-scaled-1.jpg","contentUrl":"https:\/\/www.dge.gob.pe\/portalnuevo\/wp-content\/uploads\/2024\/05\/the-man-is-trying-to-stay-stable-despite-of-the-do-2021-09-02-14-56-57-utc-scaled-1.jpg","width":2560,"height":1707},{"@type":"BreadcrumbList","@id":"https:\/\/www.dge.gob.pe\/portalnuevo\/informacion-publica\/prensa\/cdc-peru-emite-alerta-epidemiologica-sobre-un-caso-confirmado-de-rabia-humana-urbana-en-arequipa\/#breadcrumb","itemListElement":[{"@type":"ListItem","position":1,"name":"Portada","item":"https:\/\/www.dge.gob.pe\/portalnuevo\/"},{"@type":"ListItem","position":2,"name":"CDC Per\u00fa emite alerta epidemiol\u00f3gica sobre un caso confirmado de rabia humana urbana en Arequipa"}]},{"@type":"WebSite","@id":"https:\/\/www.dge.gob.pe\/portalnuevo\/#website","url":"https:\/\/www.dge.gob.pe\/portalnuevo\/","name":"Centro Nacional de Epidemiolog\u00eda Prevenci\u00f3n y Control de Enfermedades","description":"","publisher":{"@id":"https:\/\/www.dge.gob.pe\/portalnuevo\/#organization"},"potentialAction":[{"@type":"SearchAction","target":{"@type":"EntryPoint","urlTemplate":"https:\/\/www.dge.gob.pe\/portalnuevo\/?s={search_term_string}"},"query-input":{"@type":"PropertyValueSpecification","valueRequired":true,"valueName":"search_term_string"}}],"inLanguage":"es-PE"},{"@type":"Organization","@id":"https:\/\/www.dge.gob.pe\/portalnuevo\/#organization","name":"Centro Nacional de Epidemiolog\u00eda Prevenci\u00f3n y Control de Enfermedades","url":"https:\/\/www.dge.gob.pe\/portalnuevo\/","logo":{"@type":"ImageObject","inLanguage":"es-PE","@id":"https:\/\/www.dge.gob.pe\/portalnuevo\/#\/schema\/logo\/image\/","url":"https:\/\/www.dge.gob.pe\/portalnuevo\/wp-content\/uploads\/2023\/03\/logo_cdc.jpeg","contentUrl":"https:\/\/www.dge.gob.pe\/portalnuevo\/wp-content\/uploads\/2023\/03\/logo_cdc.jpeg","width":1280,"height":127,"caption":"Centro Nacional de Epidemiolog\u00eda Prevenci\u00f3n y Control de Enfermedades"},"image":{"@id":"https:\/\/www.dge.gob.pe\/portalnuevo\/#\/schema\/logo\/image\/"},"sameAs":["https:\/\/www.facebook.com\/cdcperuminsa","https:\/\/x.com\/cdc_peru","https:\/\/www.youtube.com\/cdcperu"]},{"@type":"Person","@id":"https:\/\/www.dge.gob.pe\/portalnuevo\/#\/schema\/person\/4c442df730ebdd8df5192549fb8861ba","name":"Dayanna Perez","image":{"@type":"ImageObject","inLanguage":"es-PE","@id":"https:\/\/www.dge.gob.pe\/portalnuevo\/#\/schema\/person\/image\/","url":"https:\/\/secure.gravatar.com\/avatar\/f69eba7ec2a4416851cf9079c82f0f14f30edaa208d1aba00528f485b35f2c1b?s=96&d=mm&r=g","contentUrl":"https:\/\/secure.gravatar.com\/avatar\/f69eba7ec2a4416851cf9079c82f0f14f30edaa208d1aba00528f485b35f2c1b?s=96&d=mm&r=g","caption":"Dayanna Perez"},"url":"https:\/\/www.dge.gob.pe\/portalnuevo\/author\/dpereza\/"}]}},"_links":{"self":[{"href":"https:\/\/www.dge.gob.pe\/portalnuevo\/wp-json\/wp\/v2\/posts\/4787","targetHints":{"allow":["GET"]}}],"collection":[{"href":"https:\/\/www.dge.gob.pe\/portalnuevo\/wp-json\/wp\/v2\/posts"}],"about":[{"href":"https:\/\/www.dge.gob.pe\/portalnuevo\/wp-json\/wp\/v2\/types\/post"}],"author":[{"embeddable":true,"href":"https:\/\/www.dge.gob.pe\/portalnuevo\/wp-json\/wp\/v2\/users\/3"}],"replies":[{"embeddable":true,"href":"https:\/\/www.dge.gob.pe\/portalnuevo\/wp-json\/wp\/v2\/comments?post=4787"}],"version-history":[{"count":1,"href":"https:\/\/www.dge.gob.pe\/portalnuevo\/wp-json\/wp\/v2\/posts\/4787\/revisions"}],"predecessor-version":[{"id":4789,"href":"https:\/\/www.dge.gob.pe\/portalnuevo\/wp-json\/wp\/v2\/posts\/4787\/revisions\/4789"}],"wp:featuredmedia":[{"embeddable":true,"href":"https:\/\/www.dge.gob.pe\/portalnuevo\/wp-json\/wp\/v2\/media\/4788"}],"wp:attachment":[{"href":"https:\/\/www.dge.gob.pe\/portalnuevo\/wp-json\/wp\/v2\/media?parent=4787"}],"wp:term":[{"taxonomy":"category","embeddable":true,"href":"https:\/\/www.dge.gob.pe\/portalnuevo\/wp-json\/wp\/v2\/categories?post=4787"},{"taxonomy":"post_tag","embeddable":true,"href":"https:\/\/www.dge.gob.pe\/portalnuevo\/wp-json\/wp\/v2\/tags?post=4787"}],"curies":[{"name":"wp","href":"https:\/\/api.w.org\/{rel}","templated":true}]}}