{"id":9291,"date":"2025-04-11T08:59:14","date_gmt":"2025-04-11T13:59:14","guid":{"rendered":"https:\/\/www.dge.gob.pe\/portalnuevo\/?p=9291"},"modified":"2025-04-25T09:00:51","modified_gmt":"2025-04-25T14:00:51","slug":"cdc-peru-inicia-implementacion-de-piloto-de-vigilancia-de-epizootias-en-primates-no-humanos-por-fiebre-amarilla-en-la-region-san-martin","status":"publish","type":"post","link":"https:\/\/www.dge.gob.pe\/portalnuevo\/informacion-publica\/prensa\/cdc-peru-inicia-implementacion-de-piloto-de-vigilancia-de-epizootias-en-primates-no-humanos-por-fiebre-amarilla-en-la-region-san-martin\/","title":{"rendered":"CDC Per\u00fa inicia implementaci\u00f3n de piloto de vigilancia de epizootias en primates no humanos por fiebre amarilla en la regi\u00f3n San Mart\u00edn"},"content":{"rendered":"\n<p class=\"has-text-align-right\">Lima, 11 de abril de 2025.<\/p>\n\n\n\n<p>Per\u00fa ha sido hist\u00f3ricamente uno de los pa\u00edses con mayor n\u00famero de casos de Fiebre Amarilla (FA) en la regi\u00f3n, siendo superado \u00fanicamente por Brasil entre los a\u00f1os 2010 y 2019. En lo que va del a\u00f1o 2025, hasta la semana epidemiol\u00f3gica 14, se han confirmado 32 casos de fiebre amarilla en el pa\u00eds, incluyendo 10 fallecimientos, lo que representa una letalidad del 31.25%. Actualmente, los departamentos de Amazonas y San Mart\u00edn presentan brotes activos.<\/p>\n\n\n\n<p>La vigilancia epidemiol\u00f3gica de la fiebre amarilla en el pa\u00eds se ha centrado tradicionalmente en la detecci\u00f3n de casos en humanos. Sin embargo, se reconoce la necesidad de ampliar el enfoque hacia la vigilancia de los reservorios naturales del virus. En ese contexto, el Centro Nacional de Epidemiolog\u00eda, Prevenci\u00f3n y Control de Enfermedades (CDC Per\u00fa), en coordinaci\u00f3n con entidades clave bajo el enfoque de \u201cUna Salud\u201d, ha iniciado la implementaci\u00f3n de la vigilancia y respuesta ante epizootias por fiebre amarilla en primates no humanos (PNH).<\/p>\n\n\n\n<p>Esta estrategia de alerta temprana ha sido utilizada con \u00e9xito en otros pa\u00edses como Brasil, que la implementa desde 1999, y recientemente en Colombia, donde se integra activamente la participaci\u00f3n comunitaria. La vigilancia de epizootias en primates permite anticipar y prevenir posibles brotes en humanos, especialmente en zonas enzooticas.<\/p>\n\n\n\n<p>En ese sentido, con el apoyo de la Wildlife Conservation Society (WCS), se ha desarrollado un taller para implementar la vigilancia de epizootias por fiebre amarilla en primates no humanos en Per\u00fa, teniendo a la regi\u00f3n San Mart\u00edn como punto de partida. Este taller cont\u00f3 con la participaci\u00f3n del CDC Per\u00fa, el Instituto Nacional de Salud, el Servicio Nacional Forestal y de Fauna Silvestre del Ministerio de Agricultura y Riego, el Servicio Nacional de \u00c1reas Naturales Protegidas por el Estado del Ministerio del Ambiente, as\u00ed como funcionarios y equipos t\u00e9cnicos del gobierno regional de San Mart\u00edn.<\/p>\n\n\n\n<p>Finalmente, la capacitaci\u00f3n del equipo multisectorial de los niveles nacional, regional y local marca el inicio de la implementaci\u00f3n de esta importante estrategia, la cual contribuir\u00e1 significativamente a reducir el riesgo de transmisi\u00f3n de fiebre amarilla en la poblaci\u00f3n.<\/p>\n","protected":false},"excerpt":{"rendered":"<p>Lima, 11 de abril de 2025. Per\u00fa ha sido hist\u00f3ricamente uno de los pa\u00edses con mayor n\u00famero de casos de Fiebre Amarilla (FA) en la regi\u00f3n, siendo superado \u00fanicamente por Brasil entre los a\u00f1os 2010 y 2019. En lo que va del a\u00f1o 2025, hasta la semana epidemiol\u00f3gica 14, se han confirmado 32 casos de [&hellip;]<\/p>\n","protected":false},"author":2,"featured_media":9292,"comment_status":"closed","ping_status":"closed","sticky":false,"template":"","format":"standard","meta":{"site-sidebar-layout":"default","site-content-layout":"","ast-site-content-layout":"default","site-content-style":"default","site-sidebar-style":"default","ast-global-header-display":"","ast-banner-title-visibility":"","ast-main-header-display":"","ast-hfb-above-header-display":"","ast-hfb-below-header-display":"","ast-hfb-mobile-header-display":"","site-post-title":"","ast-breadcrumbs-content":"","ast-featured-img":"","footer-sml-layout":"","ast-disable-related-posts":"","theme-transparent-header-meta":"","adv-header-id-meta":"","stick-header-meta":"","header-above-stick-meta":"","header-main-stick-meta":"","header-below-stick-meta":"","astra-migrate-meta-layouts":"set","ast-page-background-enabled":"default","ast-page-background-meta":{"desktop":{"background-color":"var(--ast-global-color-4)","background-image":"","background-repeat":"repeat","background-position":"center center","background-size":"auto","background-attachment":"scroll","background-type":"","background-media":"","overlay-type":"","overlay-color":"","overlay-opacity":"","overlay-gradient":""},"tablet":{"background-color":"","background-image":"","background-repeat":"repeat","background-position":"center center","background-size":"auto","background-attachment":"scroll","background-type":"","background-media":"","overlay-type":"","overlay-color":"","overlay-opacity":"","overlay-gradient":""},"mobile":{"background-color":"","background-image":"","background-repeat":"repeat","background-position":"center center","background-size":"auto","background-attachment":"scroll","background-type":"","background-media":"","overlay-type":"","overlay-color":"","overlay-opacity":"","overlay-gradient":""}},"ast-content-background-meta":{"desktop":{"background-color":"var(--ast-global-color-5)","background-image":"","background-repeat":"repeat","background-position":"center center","background-size":"auto","background-attachment":"scroll","background-type":"","background-media":"","overlay-type":"","overlay-color":"","overlay-opacity":"","overlay-gradient":""},"tablet":{"background-color":"var(--ast-global-color-5)","background-image":"","background-repeat":"repeat","background-position":"center center","background-size":"auto","background-attachment":"scroll","background-type":"","background-media":"","overlay-type":"","overlay-color":"","overlay-opacity":"","overlay-gradient":""},"mobile":{"background-color":"var(--ast-global-color-5)","background-image":"","background-repeat":"repeat","background-position":"center center","background-size":"auto","background-attachment":"scroll","background-type":"","background-media":"","overlay-type":"","overlay-color":"","overlay-opacity":"","overlay-gradient":""}},"footnotes":""},"categories":[26,6],"tags":[],"class_list":["post-9291","post","type-post","status-publish","format-standard","has-post-thumbnail","hentry","category-destacado","category-prensa"],"yoast_head":"<!-- This site is optimized with the Yoast SEO Premium plugin v26.6 (Yoast SEO v26.7) - https:\/\/yoast.com\/wordpress\/plugins\/seo\/ -->\n<title>CDC Per\u00fa inicia implementaci\u00f3n de piloto de vigilancia de epizootias en primates no humanos por fiebre amarilla en la regi\u00f3n San Mart\u00edn - Centro Nacional de Epidemiolog\u00eda Prevenci\u00f3n y Control de Enfermedades<\/title>\n<meta name=\"robots\" content=\"index, follow, max-snippet:-1, max-image-preview:large, max-video-preview:-1\" \/>\n<link rel=\"canonical\" href=\"https:\/\/www.dge.gob.pe\/portalnuevo\/informacion-publica\/prensa\/cdc-peru-inicia-implementacion-de-piloto-de-vigilancia-de-epizootias-en-primates-no-humanos-por-fiebre-amarilla-en-la-region-san-martin\/\" \/>\n<meta property=\"og:locale\" content=\"es_ES\" \/>\n<meta property=\"og:type\" content=\"article\" \/>\n<meta property=\"og:title\" content=\"CDC Per\u00fa inicia implementaci\u00f3n de piloto de vigilancia de epizootias en primates no humanos por fiebre amarilla en la regi\u00f3n San Mart\u00edn\" \/>\n<meta property=\"og:description\" content=\"Lima, 11 de abril de 2025. Per\u00fa ha sido hist\u00f3ricamente uno de los pa\u00edses con mayor n\u00famero de casos de Fiebre Amarilla (FA) en la regi\u00f3n, siendo superado \u00fanicamente por Brasil entre los a\u00f1os 2010 y 2019. En lo que va del a\u00f1o 2025, hasta la semana epidemiol\u00f3gica 14, se han confirmado 32 casos de [&hellip;]\" \/>\n<meta property=\"og:url\" content=\"https:\/\/www.dge.gob.pe\/portalnuevo\/informacion-publica\/prensa\/cdc-peru-inicia-implementacion-de-piloto-de-vigilancia-de-epizootias-en-primates-no-humanos-por-fiebre-amarilla-en-la-region-san-martin\/\" \/>\n<meta property=\"og:site_name\" content=\"Centro Nacional de Epidemiolog\u00eda Prevenci\u00f3n y Control de Enfermedades\" \/>\n<meta property=\"article:publisher\" content=\"https:\/\/www.facebook.com\/cdcperuminsa\" \/>\n<meta property=\"article:published_time\" content=\"2025-04-11T13:59:14+00:00\" \/>\n<meta property=\"article:modified_time\" content=\"2025-04-25T14:00:51+00:00\" \/>\n<meta property=\"og:image\" content=\"https:\/\/www.dge.gob.pe\/portalnuevo\/wp-content\/uploads\/2025\/04\/WhatsApp-Image-2025-04-11-at-1.28.15-PM.jpeg\" \/>\n\t<meta property=\"og:image:width\" content=\"1280\" \/>\n\t<meta property=\"og:image:height\" content=\"960\" \/>\n\t<meta property=\"og:image:type\" content=\"image\/jpeg\" \/>\n<meta name=\"author\" content=\"usuario de pruebas\" \/>\n<meta name=\"twitter:card\" content=\"summary_large_image\" \/>\n<meta name=\"twitter:creator\" content=\"@cdc_peru\" \/>\n<meta name=\"twitter:site\" content=\"@cdc_peru\" \/>\n<meta name=\"twitter:label1\" content=\"Written by\" \/>\n\t<meta name=\"twitter:data1\" content=\"usuario de pruebas\" \/>\n\t<meta name=\"twitter:label2\" content=\"Est. reading time\" \/>\n\t<meta name=\"twitter:data2\" content=\"2 minutos\" \/>\n<script type=\"application\/ld+json\" class=\"yoast-schema-graph\">{\"@context\":\"https:\/\/schema.org\",\"@graph\":[{\"@type\":\"Article\",\"@id\":\"https:\/\/www.dge.gob.pe\/portalnuevo\/informacion-publica\/prensa\/cdc-peru-inicia-implementacion-de-piloto-de-vigilancia-de-epizootias-en-primates-no-humanos-por-fiebre-amarilla-en-la-region-san-martin\/#article\",\"isPartOf\":{\"@id\":\"https:\/\/www.dge.gob.pe\/portalnuevo\/informacion-publica\/prensa\/cdc-peru-inicia-implementacion-de-piloto-de-vigilancia-de-epizootias-en-primates-no-humanos-por-fiebre-amarilla-en-la-region-san-martin\/\"},\"author\":{\"name\":\"usuario de pruebas\",\"@id\":\"https:\/\/www.dge.gob.pe\/portalnuevo\/#\/schema\/person\/28d3c6f212e85451367288f72a5c157c\"},\"headline\":\"CDC Per\u00fa inicia implementaci\u00f3n de piloto de vigilancia de epizootias en primates no humanos por fiebre amarilla en la regi\u00f3n San Mart\u00edn\",\"datePublished\":\"2025-04-11T13:59:14+00:00\",\"dateModified\":\"2025-04-25T14:00:51+00:00\",\"mainEntityOfPage\":{\"@id\":\"https:\/\/www.dge.gob.pe\/portalnuevo\/informacion-publica\/prensa\/cdc-peru-inicia-implementacion-de-piloto-de-vigilancia-de-epizootias-en-primates-no-humanos-por-fiebre-amarilla-en-la-region-san-martin\/\"},\"wordCount\":392,\"publisher\":{\"@id\":\"https:\/\/www.dge.gob.pe\/portalnuevo\/#organization\"},\"image\":{\"@id\":\"https:\/\/www.dge.gob.pe\/portalnuevo\/informacion-publica\/prensa\/cdc-peru-inicia-implementacion-de-piloto-de-vigilancia-de-epizootias-en-primates-no-humanos-por-fiebre-amarilla-en-la-region-san-martin\/#primaryimage\"},\"thumbnailUrl\":\"https:\/\/www.dge.gob.pe\/portalnuevo\/wp-content\/uploads\/2025\/04\/WhatsApp-Image-2025-04-11-at-1.28.15-PM.jpeg\",\"articleSection\":[\"Destacado\",\"Prensa\"],\"inLanguage\":\"es-PE\"},{\"@type\":\"WebPage\",\"@id\":\"https:\/\/www.dge.gob.pe\/portalnuevo\/informacion-publica\/prensa\/cdc-peru-inicia-implementacion-de-piloto-de-vigilancia-de-epizootias-en-primates-no-humanos-por-fiebre-amarilla-en-la-region-san-martin\/\",\"url\":\"https:\/\/www.dge.gob.pe\/portalnuevo\/informacion-publica\/prensa\/cdc-peru-inicia-implementacion-de-piloto-de-vigilancia-de-epizootias-en-primates-no-humanos-por-fiebre-amarilla-en-la-region-san-martin\/\",\"name\":\"CDC Per\u00fa inicia implementaci\u00f3n de piloto de vigilancia de epizootias en primates no humanos por fiebre amarilla en la regi\u00f3n San Mart\u00edn - Centro Nacional de Epidemiolog\u00eda Prevenci\u00f3n y Control de Enfermedades\",\"isPartOf\":{\"@id\":\"https:\/\/www.dge.gob.pe\/portalnuevo\/#website\"},\"primaryImageOfPage\":{\"@id\":\"https:\/\/www.dge.gob.pe\/portalnuevo\/informacion-publica\/prensa\/cdc-peru-inicia-implementacion-de-piloto-de-vigilancia-de-epizootias-en-primates-no-humanos-por-fiebre-amarilla-en-la-region-san-martin\/#primaryimage\"},\"image\":{\"@id\":\"https:\/\/www.dge.gob.pe\/portalnuevo\/informacion-publica\/prensa\/cdc-peru-inicia-implementacion-de-piloto-de-vigilancia-de-epizootias-en-primates-no-humanos-por-fiebre-amarilla-en-la-region-san-martin\/#primaryimage\"},\"thumbnailUrl\":\"https:\/\/www.dge.gob.pe\/portalnuevo\/wp-content\/uploads\/2025\/04\/WhatsApp-Image-2025-04-11-at-1.28.15-PM.jpeg\",\"datePublished\":\"2025-04-11T13:59:14+00:00\",\"dateModified\":\"2025-04-25T14:00:51+00:00\",\"breadcrumb\":{\"@id\":\"https:\/\/www.dge.gob.pe\/portalnuevo\/informacion-publica\/prensa\/cdc-peru-inicia-implementacion-de-piloto-de-vigilancia-de-epizootias-en-primates-no-humanos-por-fiebre-amarilla-en-la-region-san-martin\/#breadcrumb\"},\"inLanguage\":\"es-PE\",\"potentialAction\":[{\"@type\":\"ReadAction\",\"target\":[\"https:\/\/www.dge.gob.pe\/portalnuevo\/informacion-publica\/prensa\/cdc-peru-inicia-implementacion-de-piloto-de-vigilancia-de-epizootias-en-primates-no-humanos-por-fiebre-amarilla-en-la-region-san-martin\/\"]}]},{\"@type\":\"ImageObject\",\"inLanguage\":\"es-PE\",\"@id\":\"https:\/\/www.dge.gob.pe\/portalnuevo\/informacion-publica\/prensa\/cdc-peru-inicia-implementacion-de-piloto-de-vigilancia-de-epizootias-en-primates-no-humanos-por-fiebre-amarilla-en-la-region-san-martin\/#primaryimage\",\"url\":\"https:\/\/www.dge.gob.pe\/portalnuevo\/wp-content\/uploads\/2025\/04\/WhatsApp-Image-2025-04-11-at-1.28.15-PM.jpeg\",\"contentUrl\":\"https:\/\/www.dge.gob.pe\/portalnuevo\/wp-content\/uploads\/2025\/04\/WhatsApp-Image-2025-04-11-at-1.28.15-PM.jpeg\",\"width\":1280,\"height\":960},{\"@type\":\"BreadcrumbList\",\"@id\":\"https:\/\/www.dge.gob.pe\/portalnuevo\/informacion-publica\/prensa\/cdc-peru-inicia-implementacion-de-piloto-de-vigilancia-de-epizootias-en-primates-no-humanos-por-fiebre-amarilla-en-la-region-san-martin\/#breadcrumb\",\"itemListElement\":[{\"@type\":\"ListItem\",\"position\":1,\"name\":\"Portada\",\"item\":\"https:\/\/www.dge.gob.pe\/portalnuevo\/\"},{\"@type\":\"ListItem\",\"position\":2,\"name\":\"CDC Per\u00fa inicia implementaci\u00f3n de piloto de vigilancia de epizootias en primates no humanos por fiebre amarilla en la regi\u00f3n San Mart\u00edn\"}]},{\"@type\":\"WebSite\",\"@id\":\"https:\/\/www.dge.gob.pe\/portalnuevo\/#website\",\"url\":\"https:\/\/www.dge.gob.pe\/portalnuevo\/\",\"name\":\"Centro Nacional de Epidemiolog\u00eda Prevenci\u00f3n y Control de Enfermedades\",\"description\":\"\",\"publisher\":{\"@id\":\"https:\/\/www.dge.gob.pe\/portalnuevo\/#organization\"},\"potentialAction\":[{\"@type\":\"SearchAction\",\"target\":{\"@type\":\"EntryPoint\",\"urlTemplate\":\"https:\/\/www.dge.gob.pe\/portalnuevo\/?s={search_term_string}\"},\"query-input\":{\"@type\":\"PropertyValueSpecification\",\"valueRequired\":true,\"valueName\":\"search_term_string\"}}],\"inLanguage\":\"es-PE\"},{\"@type\":\"Organization\",\"@id\":\"https:\/\/www.dge.gob.pe\/portalnuevo\/#organization\",\"name\":\"Centro Nacional de Epidemiolog\u00eda Prevenci\u00f3n y Control de Enfermedades\",\"url\":\"https:\/\/www.dge.gob.pe\/portalnuevo\/\",\"logo\":{\"@type\":\"ImageObject\",\"inLanguage\":\"es-PE\",\"@id\":\"https:\/\/www.dge.gob.pe\/portalnuevo\/#\/schema\/logo\/image\/\",\"url\":\"https:\/\/www.dge.gob.pe\/portalnuevo\/wp-content\/uploads\/2023\/03\/logo_cdc.jpeg\",\"contentUrl\":\"https:\/\/www.dge.gob.pe\/portalnuevo\/wp-content\/uploads\/2023\/03\/logo_cdc.jpeg\",\"width\":1280,\"height\":127,\"caption\":\"Centro Nacional de Epidemiolog\u00eda Prevenci\u00f3n y Control de Enfermedades\"},\"image\":{\"@id\":\"https:\/\/www.dge.gob.pe\/portalnuevo\/#\/schema\/logo\/image\/\"},\"sameAs\":[\"https:\/\/www.facebook.com\/cdcperuminsa\",\"https:\/\/x.com\/cdc_peru\",\"https:\/\/www.youtube.com\/cdcperu\"]},{\"@type\":\"Person\",\"@id\":\"https:\/\/www.dge.gob.pe\/portalnuevo\/#\/schema\/person\/28d3c6f212e85451367288f72a5c157c\",\"name\":\"usuario de pruebas\",\"image\":{\"@type\":\"ImageObject\",\"inLanguage\":\"es-PE\",\"@id\":\"https:\/\/www.dge.gob.pe\/portalnuevo\/#\/schema\/person\/image\/\",\"url\":\"https:\/\/secure.gravatar.com\/avatar\/2aa09d4a6af6ff6b2ee7015522cbc923831acb78756da4b38e07eae89bd96ebe?s=96&d=mm&r=g\",\"contentUrl\":\"https:\/\/secure.gravatar.com\/avatar\/2aa09d4a6af6ff6b2ee7015522cbc923831acb78756da4b38e07eae89bd96ebe?s=96&d=mm&r=g\",\"caption\":\"usuario de pruebas\"},\"url\":\"https:\/\/www.dge.gob.pe\/portalnuevo\/author\/pruebas\/\"}]}<\/script>\n<!-- \/ Yoast SEO Premium plugin. -->","yoast_head_json":{"title":"CDC Per\u00fa inicia implementaci\u00f3n de piloto de vigilancia de epizootias en primates no humanos por fiebre amarilla en la regi\u00f3n San Mart\u00edn - Centro Nacional de Epidemiolog\u00eda Prevenci\u00f3n y Control de Enfermedades","robots":{"index":"index","follow":"follow","max-snippet":"max-snippet:-1","max-image-preview":"max-image-preview:large","max-video-preview":"max-video-preview:-1"},"canonical":"https:\/\/www.dge.gob.pe\/portalnuevo\/informacion-publica\/prensa\/cdc-peru-inicia-implementacion-de-piloto-de-vigilancia-de-epizootias-en-primates-no-humanos-por-fiebre-amarilla-en-la-region-san-martin\/","og_locale":"es_ES","og_type":"article","og_title":"CDC Per\u00fa inicia implementaci\u00f3n de piloto de vigilancia de epizootias en primates no humanos por fiebre amarilla en la regi\u00f3n San Mart\u00edn","og_description":"Lima, 11 de abril de 2025. Per\u00fa ha sido hist\u00f3ricamente uno de los pa\u00edses con mayor n\u00famero de casos de Fiebre Amarilla (FA) en la regi\u00f3n, siendo superado \u00fanicamente por Brasil entre los a\u00f1os 2010 y 2019. En lo que va del a\u00f1o 2025, hasta la semana epidemiol\u00f3gica 14, se han confirmado 32 casos de [&hellip;]","og_url":"https:\/\/www.dge.gob.pe\/portalnuevo\/informacion-publica\/prensa\/cdc-peru-inicia-implementacion-de-piloto-de-vigilancia-de-epizootias-en-primates-no-humanos-por-fiebre-amarilla-en-la-region-san-martin\/","og_site_name":"Centro Nacional de Epidemiolog\u00eda Prevenci\u00f3n y Control de Enfermedades","article_publisher":"https:\/\/www.facebook.com\/cdcperuminsa","article_published_time":"2025-04-11T13:59:14+00:00","article_modified_time":"2025-04-25T14:00:51+00:00","og_image":[{"width":1280,"height":960,"url":"https:\/\/www.dge.gob.pe\/portalnuevo\/wp-content\/uploads\/2025\/04\/WhatsApp-Image-2025-04-11-at-1.28.15-PM.jpeg","type":"image\/jpeg"}],"author":"usuario de pruebas","twitter_card":"summary_large_image","twitter_creator":"@cdc_peru","twitter_site":"@cdc_peru","twitter_misc":{"Written by":"usuario de pruebas","Est. reading time":"2 minutos"},"schema":{"@context":"https:\/\/schema.org","@graph":[{"@type":"Article","@id":"https:\/\/www.dge.gob.pe\/portalnuevo\/informacion-publica\/prensa\/cdc-peru-inicia-implementacion-de-piloto-de-vigilancia-de-epizootias-en-primates-no-humanos-por-fiebre-amarilla-en-la-region-san-martin\/#article","isPartOf":{"@id":"https:\/\/www.dge.gob.pe\/portalnuevo\/informacion-publica\/prensa\/cdc-peru-inicia-implementacion-de-piloto-de-vigilancia-de-epizootias-en-primates-no-humanos-por-fiebre-amarilla-en-la-region-san-martin\/"},"author":{"name":"usuario de pruebas","@id":"https:\/\/www.dge.gob.pe\/portalnuevo\/#\/schema\/person\/28d3c6f212e85451367288f72a5c157c"},"headline":"CDC Per\u00fa inicia implementaci\u00f3n de piloto de vigilancia de epizootias en primates no humanos por fiebre amarilla en la regi\u00f3n San Mart\u00edn","datePublished":"2025-04-11T13:59:14+00:00","dateModified":"2025-04-25T14:00:51+00:00","mainEntityOfPage":{"@id":"https:\/\/www.dge.gob.pe\/portalnuevo\/informacion-publica\/prensa\/cdc-peru-inicia-implementacion-de-piloto-de-vigilancia-de-epizootias-en-primates-no-humanos-por-fiebre-amarilla-en-la-region-san-martin\/"},"wordCount":392,"publisher":{"@id":"https:\/\/www.dge.gob.pe\/portalnuevo\/#organization"},"image":{"@id":"https:\/\/www.dge.gob.pe\/portalnuevo\/informacion-publica\/prensa\/cdc-peru-inicia-implementacion-de-piloto-de-vigilancia-de-epizootias-en-primates-no-humanos-por-fiebre-amarilla-en-la-region-san-martin\/#primaryimage"},"thumbnailUrl":"https:\/\/www.dge.gob.pe\/portalnuevo\/wp-content\/uploads\/2025\/04\/WhatsApp-Image-2025-04-11-at-1.28.15-PM.jpeg","articleSection":["Destacado","Prensa"],"inLanguage":"es-PE"},{"@type":"WebPage","@id":"https:\/\/www.dge.gob.pe\/portalnuevo\/informacion-publica\/prensa\/cdc-peru-inicia-implementacion-de-piloto-de-vigilancia-de-epizootias-en-primates-no-humanos-por-fiebre-amarilla-en-la-region-san-martin\/","url":"https:\/\/www.dge.gob.pe\/portalnuevo\/informacion-publica\/prensa\/cdc-peru-inicia-implementacion-de-piloto-de-vigilancia-de-epizootias-en-primates-no-humanos-por-fiebre-amarilla-en-la-region-san-martin\/","name":"CDC Per\u00fa inicia implementaci\u00f3n de piloto de vigilancia de epizootias en primates no humanos por fiebre amarilla en la regi\u00f3n San Mart\u00edn - Centro Nacional de Epidemiolog\u00eda Prevenci\u00f3n y Control de Enfermedades","isPartOf":{"@id":"https:\/\/www.dge.gob.pe\/portalnuevo\/#website"},"primaryImageOfPage":{"@id":"https:\/\/www.dge.gob.pe\/portalnuevo\/informacion-publica\/prensa\/cdc-peru-inicia-implementacion-de-piloto-de-vigilancia-de-epizootias-en-primates-no-humanos-por-fiebre-amarilla-en-la-region-san-martin\/#primaryimage"},"image":{"@id":"https:\/\/www.dge.gob.pe\/portalnuevo\/informacion-publica\/prensa\/cdc-peru-inicia-implementacion-de-piloto-de-vigilancia-de-epizootias-en-primates-no-humanos-por-fiebre-amarilla-en-la-region-san-martin\/#primaryimage"},"thumbnailUrl":"https:\/\/www.dge.gob.pe\/portalnuevo\/wp-content\/uploads\/2025\/04\/WhatsApp-Image-2025-04-11-at-1.28.15-PM.jpeg","datePublished":"2025-04-11T13:59:14+00:00","dateModified":"2025-04-25T14:00:51+00:00","breadcrumb":{"@id":"https:\/\/www.dge.gob.pe\/portalnuevo\/informacion-publica\/prensa\/cdc-peru-inicia-implementacion-de-piloto-de-vigilancia-de-epizootias-en-primates-no-humanos-por-fiebre-amarilla-en-la-region-san-martin\/#breadcrumb"},"inLanguage":"es-PE","potentialAction":[{"@type":"ReadAction","target":["https:\/\/www.dge.gob.pe\/portalnuevo\/informacion-publica\/prensa\/cdc-peru-inicia-implementacion-de-piloto-de-vigilancia-de-epizootias-en-primates-no-humanos-por-fiebre-amarilla-en-la-region-san-martin\/"]}]},{"@type":"ImageObject","inLanguage":"es-PE","@id":"https:\/\/www.dge.gob.pe\/portalnuevo\/informacion-publica\/prensa\/cdc-peru-inicia-implementacion-de-piloto-de-vigilancia-de-epizootias-en-primates-no-humanos-por-fiebre-amarilla-en-la-region-san-martin\/#primaryimage","url":"https:\/\/www.dge.gob.pe\/portalnuevo\/wp-content\/uploads\/2025\/04\/WhatsApp-Image-2025-04-11-at-1.28.15-PM.jpeg","contentUrl":"https:\/\/www.dge.gob.pe\/portalnuevo\/wp-content\/uploads\/2025\/04\/WhatsApp-Image-2025-04-11-at-1.28.15-PM.jpeg","width":1280,"height":960},{"@type":"BreadcrumbList","@id":"https:\/\/www.dge.gob.pe\/portalnuevo\/informacion-publica\/prensa\/cdc-peru-inicia-implementacion-de-piloto-de-vigilancia-de-epizootias-en-primates-no-humanos-por-fiebre-amarilla-en-la-region-san-martin\/#breadcrumb","itemListElement":[{"@type":"ListItem","position":1,"name":"Portada","item":"https:\/\/www.dge.gob.pe\/portalnuevo\/"},{"@type":"ListItem","position":2,"name":"CDC Per\u00fa inicia implementaci\u00f3n de piloto de vigilancia de epizootias en primates no humanos por fiebre amarilla en la regi\u00f3n San Mart\u00edn"}]},{"@type":"WebSite","@id":"https:\/\/www.dge.gob.pe\/portalnuevo\/#website","url":"https:\/\/www.dge.gob.pe\/portalnuevo\/","name":"Centro Nacional de Epidemiolog\u00eda Prevenci\u00f3n y Control de Enfermedades","description":"","publisher":{"@id":"https:\/\/www.dge.gob.pe\/portalnuevo\/#organization"},"potentialAction":[{"@type":"SearchAction","target":{"@type":"EntryPoint","urlTemplate":"https:\/\/www.dge.gob.pe\/portalnuevo\/?s={search_term_string}"},"query-input":{"@type":"PropertyValueSpecification","valueRequired":true,"valueName":"search_term_string"}}],"inLanguage":"es-PE"},{"@type":"Organization","@id":"https:\/\/www.dge.gob.pe\/portalnuevo\/#organization","name":"Centro Nacional de Epidemiolog\u00eda Prevenci\u00f3n y Control de Enfermedades","url":"https:\/\/www.dge.gob.pe\/portalnuevo\/","logo":{"@type":"ImageObject","inLanguage":"es-PE","@id":"https:\/\/www.dge.gob.pe\/portalnuevo\/#\/schema\/logo\/image\/","url":"https:\/\/www.dge.gob.pe\/portalnuevo\/wp-content\/uploads\/2023\/03\/logo_cdc.jpeg","contentUrl":"https:\/\/www.dge.gob.pe\/portalnuevo\/wp-content\/uploads\/2023\/03\/logo_cdc.jpeg","width":1280,"height":127,"caption":"Centro Nacional de Epidemiolog\u00eda Prevenci\u00f3n y Control de Enfermedades"},"image":{"@id":"https:\/\/www.dge.gob.pe\/portalnuevo\/#\/schema\/logo\/image\/"},"sameAs":["https:\/\/www.facebook.com\/cdcperuminsa","https:\/\/x.com\/cdc_peru","https:\/\/www.youtube.com\/cdcperu"]},{"@type":"Person","@id":"https:\/\/www.dge.gob.pe\/portalnuevo\/#\/schema\/person\/28d3c6f212e85451367288f72a5c157c","name":"usuario de pruebas","image":{"@type":"ImageObject","inLanguage":"es-PE","@id":"https:\/\/www.dge.gob.pe\/portalnuevo\/#\/schema\/person\/image\/","url":"https:\/\/secure.gravatar.com\/avatar\/2aa09d4a6af6ff6b2ee7015522cbc923831acb78756da4b38e07eae89bd96ebe?s=96&d=mm&r=g","contentUrl":"https:\/\/secure.gravatar.com\/avatar\/2aa09d4a6af6ff6b2ee7015522cbc923831acb78756da4b38e07eae89bd96ebe?s=96&d=mm&r=g","caption":"usuario de pruebas"},"url":"https:\/\/www.dge.gob.pe\/portalnuevo\/author\/pruebas\/"}]}},"_links":{"self":[{"href":"https:\/\/www.dge.gob.pe\/portalnuevo\/wp-json\/wp\/v2\/posts\/9291","targetHints":{"allow":["GET"]}}],"collection":[{"href":"https:\/\/www.dge.gob.pe\/portalnuevo\/wp-json\/wp\/v2\/posts"}],"about":[{"href":"https:\/\/www.dge.gob.pe\/portalnuevo\/wp-json\/wp\/v2\/types\/post"}],"author":[{"embeddable":true,"href":"https:\/\/www.dge.gob.pe\/portalnuevo\/wp-json\/wp\/v2\/users\/2"}],"replies":[{"embeddable":true,"href":"https:\/\/www.dge.gob.pe\/portalnuevo\/wp-json\/wp\/v2\/comments?post=9291"}],"version-history":[{"count":1,"href":"https:\/\/www.dge.gob.pe\/portalnuevo\/wp-json\/wp\/v2\/posts\/9291\/revisions"}],"predecessor-version":[{"id":9293,"href":"https:\/\/www.dge.gob.pe\/portalnuevo\/wp-json\/wp\/v2\/posts\/9291\/revisions\/9293"}],"wp:featuredmedia":[{"embeddable":true,"href":"https:\/\/www.dge.gob.pe\/portalnuevo\/wp-json\/wp\/v2\/media\/9292"}],"wp:attachment":[{"href":"https:\/\/www.dge.gob.pe\/portalnuevo\/wp-json\/wp\/v2\/media?parent=9291"}],"wp:term":[{"taxonomy":"category","embeddable":true,"href":"https:\/\/www.dge.gob.pe\/portalnuevo\/wp-json\/wp\/v2\/categories?post=9291"},{"taxonomy":"post_tag","embeddable":true,"href":"https:\/\/www.dge.gob.pe\/portalnuevo\/wp-json\/wp\/v2\/tags?post=9291"}],"curies":[{"name":"wp","href":"https:\/\/api.w.org\/{rel}","templated":true}]}}